{"id":2310,"date":"2026-04-01T10:03:00","date_gmt":"2026-04-01T13:03:00","guid":{"rendered":"https:\/\/voage.com.br\/site\/?p=2310"},"modified":"2026-03-30T11:28:55","modified_gmt":"2026-03-30T14:28:55","slug":"o-encontro-das-aguas","status":"publish","type":"post","link":"https:\/\/voage.com.br\/site\/2026\/04\/01\/o-encontro-das-aguas\/","title":{"rendered":"O Encontro das \u00c1guas"},"content":{"rendered":"\n<p class=\"wp-block-paragraph\">A cerca de 10 quil\u00f4metros de Manaus, capital do Amazonas, o Rio Negro, de \u00e1guas escuras, que atravessa a cidade, encontra o Rio Solim\u00f5es, de \u00e1guas arenosas, mas as \u00e1guas n\u00e3o se misturam imediatamente. Em vez disso, correm lado a lado por 6 quil\u00f4metros, um fen\u00f4meno conhecido como <strong>Encontro das \u00c1guas<\/strong>. O fen\u00f4meno ocorre em diversos locais da Amaz\u00f4nia e em outras partes do planeta, mas em nenhum lugar de forma t\u00e3o impressionante quanto aqui. \u00c9 uma das principais atra\u00e7\u00f5es tur\u00edsticas de Manaus.<\/p>\n\n\n\n<p class=\"wp-block-paragraph\">O Rio Negro \u00e9 o maior afluente do Amazonas e o maior rio de \u00e1guas negras do mundo. A cor prov\u00e9m da presen\u00e7a de mat\u00e9ria vegetal em decomposi\u00e7\u00e3o que se infiltra na \u00e1gua \u00e0 medida que o rio atravessa a floresta tropical e os p\u00e2ntanos. Um rio de \u00e1guas negras tem altos n\u00edveis de acidez e muito pouco sedimento. As \u00e1guas do Solim\u00f5ess, por outro lado, s\u00e3o densas de areia, lama e lodo, o que lhes confere uma apar\u00eancia acastanhada.<\/p>\n\n\n\n<figure class=\"wp-block-image size-large\"><img decoding=\"async\" width=\"1024\" height=\"417\" data-src=\"https:\/\/voage.com.br\/site\/wp-content\/uploads\/2026\/03\/encontro2-1024x417.png\" alt=\"Encontro das \u00c1guas dos rios Negro e Solim\u00f5es na Amaz\u00f4nia\" class=\"wp-image-2312 lazyload\" data-srcset=\"https:\/\/voage.com.br\/site\/wp-content\/uploads\/2026\/03\/encontro2-1024x417.png 1024w, https:\/\/voage.com.br\/site\/wp-content\/uploads\/2026\/03\/encontro2-300x122.png 300w, https:\/\/voage.com.br\/site\/wp-content\/uploads\/2026\/03\/encontro2-768x313.png 768w, https:\/\/voage.com.br\/site\/wp-content\/uploads\/2026\/03\/encontro2.png 1080w\" data-sizes=\"(max-width: 1024px) 100vw, 1024px\" src=\"data:image\/svg+xml;base64,PHN2ZyB3aWR0aD0iMSIgaGVpZ2h0PSIxIiB4bWxucz0iaHR0cDovL3d3dy53My5vcmcvMjAwMC9zdmciPjwvc3ZnPg==\" style=\"--smush-placeholder-width: 1024px; --smush-placeholder-aspect-ratio: 1024\/417;\" \/><\/figure>\n\n\n\n<p class=\"wp-block-paragraph\">Devido \u00e0s suas diferentes composi\u00e7\u00f5es, os dois rios possuem densidades, velocidades e temperaturas da \u00e1gua distintas, o que dificulta a sua mistura. As \u00e1guas mais frias, densas e r\u00e1pidas do Solim\u00f5es e as mais quentes e lentas do Negro formam uma fronteira bem definida. Seis quil\u00f4metros rio abaixo, os redemoinhos turbulentos impulsionados pelo Amazonas, de correnteza mais r\u00e1pida, acabam por misturar os dois rios, que se unem para formar o Baixo Amazonas.<\/p>\n\n\n\n<p class=\"wp-block-paragraph\">H\u00e1 muitos passeios de barco at\u00e9 o ponto exato onde os rios se encontram. A melhor \u00e9poca para faz\u00ea-los \u00e9 entre janeiro e julho, quando os rios est\u00e3o com o n\u00edvel da \u00e1gua mais alto. Os passeios podem incluir  Parque Ecol\u00f3gico Janauari, onde \u00e9 poss\u00edvel observar e fotografar as nen\u00fafares, plantas aqu\u00e1ticas.\u00a0No munic\u00edpio de Iranduba, o Janauari \u00e9 um verdadeiro tesouro da biodiversidade amaz\u00f4nica.<\/p>\n\n\n\n<figure class=\"wp-block-image size-large\"><img decoding=\"async\" width=\"1024\" height=\"417\" data-src=\"https:\/\/voage.com.br\/site\/wp-content\/uploads\/2026\/03\/encontro3-1024x417.png\" alt=\"\" class=\"wp-image-2313 lazyload\" data-srcset=\"https:\/\/voage.com.br\/site\/wp-content\/uploads\/2026\/03\/encontro3-1024x417.png 1024w, https:\/\/voage.com.br\/site\/wp-content\/uploads\/2026\/03\/encontro3-300x122.png 300w, https:\/\/voage.com.br\/site\/wp-content\/uploads\/2026\/03\/encontro3-768x313.png 768w, https:\/\/voage.com.br\/site\/wp-content\/uploads\/2026\/03\/encontro3.png 1080w\" data-sizes=\"(max-width: 1024px) 100vw, 1024px\" src=\"data:image\/svg+xml;base64,PHN2ZyB3aWR0aD0iMSIgaGVpZ2h0PSIxIiB4bWxucz0iaHR0cDovL3d3dy53My5vcmcvMjAwMC9zdmciPjwvc3ZnPg==\" style=\"--smush-placeholder-width: 1024px; --smush-placeholder-aspect-ratio: 1024\/417;\" \/><\/figure>\n\n\n\n<p class=\"wp-block-paragraph\">N\u00e3o confunda esse encontro das \u00e1guas com outro ainda mais famoso: a Pororoca, que acontece quando as \u00e1guas do Atl\u00e2ntico se encontram com a foz do rio Amazonas e seus afluentes e a mar\u00e9 alta do oceano invade o leito do rio, criando ondas gigantes que sobem o curso de \u00e1gua por v\u00e1rios quil\u00f4metros. Mas essa \u00e9 outra hist\u00f3ria que contaremos em uma outra vez.<\/p>\n\n\n\n<p class=\"wp-block-paragraph\">A Amaz\u00f4nia \u00e9 diversa e enorme, abrange nove pa\u00edses e territ\u00f3rios da Am\u00e9rica do Sul al\u00e9m do Brasil, com cerca de 60% da \u00e1rea, seguido por Peru, Col\u00f4mbia, Bol\u00edvia,Venezuela, Guiana, Suriname, Equador e o territ\u00f3rio franc\u00eas da Guiana Francesa. \u00c9 muita coisa para vermos, para descobrirmos, ent\u00e3o, que tal come\u00e7ar pelo E<strong>ncontro das \u00c1guas<\/strong>? Fale com a gente.<\/p>\n\n\n\n<div class=\"wp-block-group\"><div class=\"wp-block-group__inner-container is-layout-constrained wp-block-group-is-layout-constrained\">\n<hr class=\"wp-block-separator has-text-color has-alpha-channel-opacity has-background\" style=\"background-color:#e3842b;color:#e3842b\"\/>\n\n\n\n<div style=\"height:50px\" aria-hidden=\"true\" class=\"wp-block-spacer\"><\/div>\n<\/div><\/div>\n","protected":false},"excerpt":{"rendered":"<p>A cerca de 10 quil\u00f4metros de Manaus, capital do Amazonas, o Rio Negro, de \u00e1guas escuras, que atravessa a cidade, encontra o Rio Solim\u00f5es, de \u00e1guas arenosas, mas as \u00e1guas n\u00e3o se misturam imediatamente. Em vez disso, correm lado a lado por 6 quil\u00f4metros, um fen\u00f4meno conhecido como Encontro das \u00c1guas. O fen\u00f4meno ocorre em [&hellip;]<\/p>\n","protected":false},"author":1,"featured_media":2311,"comment_status":"open","ping_status":"open","sticky":false,"template":"","format":"standard","meta":{"_eb_attr":"","eb_css":"","footnotes":""},"categories":[253,21,13],"tags":[271,262,490,491,492],"class_list":["post-2310","post","type-post","status-publish","format-standard","has-post-thumbnail","hentry","category-descubra-o-brasil","category-destinos","category-dicas-de-viagem","tag-amazonia","tag-brasil","tag-encontro-das-aguas","tag-rio-negro","tag-rio-solimoes"],"_links":{"self":[{"href":"https:\/\/voage.com.br\/site\/wp-json\/wp\/v2\/posts\/2310","targetHints":{"allow":["GET"]}}],"collection":[{"href":"https:\/\/voage.com.br\/site\/wp-json\/wp\/v2\/posts"}],"about":[{"href":"https:\/\/voage.com.br\/site\/wp-json\/wp\/v2\/types\/post"}],"author":[{"embeddable":true,"href":"https:\/\/voage.com.br\/site\/wp-json\/wp\/v2\/users\/1"}],"replies":[{"embeddable":true,"href":"https:\/\/voage.com.br\/site\/wp-json\/wp\/v2\/comments?post=2310"}],"version-history":[{"count":1,"href":"https:\/\/voage.com.br\/site\/wp-json\/wp\/v2\/posts\/2310\/revisions"}],"predecessor-version":[{"id":2314,"href":"https:\/\/voage.com.br\/site\/wp-json\/wp\/v2\/posts\/2310\/revisions\/2314"}],"wp:featuredmedia":[{"embeddable":true,"href":"https:\/\/voage.com.br\/site\/wp-json\/wp\/v2\/media\/2311"}],"wp:attachment":[{"href":"https:\/\/voage.com.br\/site\/wp-json\/wp\/v2\/media?parent=2310"}],"wp:term":[{"taxonomy":"category","embeddable":true,"href":"https:\/\/voage.com.br\/site\/wp-json\/wp\/v2\/categories?post=2310"},{"taxonomy":"post_tag","embeddable":true,"href":"https:\/\/voage.com.br\/site\/wp-json\/wp\/v2\/tags?post=2310"}],"curies":[{"name":"wp","href":"https:\/\/api.w.org\/{rel}","templated":true}]}}