{"id":2233,"date":"2026-02-04T10:01:00","date_gmt":"2026-02-04T13:01:00","guid":{"rendered":"https:\/\/voage.com.br\/site\/?p=2233"},"modified":"2026-02-02T17:04:51","modified_gmt":"2026-02-02T20:04:51","slug":"barcelona-modernista","status":"publish","type":"post","link":"https:\/\/voage.com.br\/site\/2026\/02\/04\/barcelona-modernista\/","title":{"rendered":"Barcelona modernista"},"content":{"rendered":"\n<p class=\"wp-block-paragraph\">Uma mat\u00e9ria muito legal do <a href=\"https:\/\/www.tourspain.es\/\" target=\"_blank\" rel=\"noreferrer noopener\">Turespa\u00f1a<\/a>, site oficial do governo espanhol para o turismo, nos leva a conhecer Barcelona por sua identidade modernista, fator extremamente importante para o que a cidade \u00e9 hoje.\u00a0A capital catal\u00e3 convida voc\u00ea a descobrir sua identidade modernista por rotas cheias de arte.<\/p>\n\n\n\n<p class=\"wp-block-paragraph\">Barcelona respira modernismo em cada esquina. Suas ruas, pal\u00e1cios e fachadas narram o esplendor de uma \u00e9poca em que arte e arquitetura se uniram para transformar a cidade. Da Sagrada Fam\u00edlia \u00e0 Casa Batll\u00f3, os edif\u00edcios modernistas s\u00e3o parte essencial da identidade de Barcelona. Rotas culturais, visitas guiadas e espa\u00e7os reabilitados permitem descobrir uma cidade que continua a reinventar-se por meio de sua beleza, hist\u00f3ria e criatividade.\u00a0<\/p>\n\n\n\n<p class=\"wp-block-paragraph\">Explorar esse modernismo \u00e9 viajar pela hist\u00f3ria viva de <strong>Barcino<\/strong> (nome hist\u00f3rico de Barcelona). Este movimento art\u00edstico, nascido no final do s\u00e9culo 19 e consolidado no in\u00edcio do s\u00e9culo 20, deixou uma marca inconfund\u00edvel em sua paisagem urbana. Algumas das joias mais reconhecidas desse estilo est\u00e3o concentradas no famoso bairro do Eixample, com edif\u00edcios que transformaram a forma de entender n\u00e3o s\u00f3 a arquitetura, mas tamb\u00e9m a est\u00e9tica urbana.\u00a0<\/p>\n\n\n\n<figure class=\"wp-block-image size-large\"><img decoding=\"async\" width=\"1024\" height=\"417\" data-src=\"https:\/\/voage.com.br\/site\/wp-content\/uploads\/2026\/02\/barcelona2-1024x417.png\" alt=\"Casa Batl\u00f3, Barcelona, Espanha\" class=\"wp-image-2236 lazyload\" data-srcset=\"https:\/\/voage.com.br\/site\/wp-content\/uploads\/2026\/02\/barcelona2-1024x417.png 1024w, https:\/\/voage.com.br\/site\/wp-content\/uploads\/2026\/02\/barcelona2-300x122.png 300w, https:\/\/voage.com.br\/site\/wp-content\/uploads\/2026\/02\/barcelona2-768x313.png 768w, https:\/\/voage.com.br\/site\/wp-content\/uploads\/2026\/02\/barcelona2.png 1080w\" data-sizes=\"(max-width: 1024px) 100vw, 1024px\" src=\"data:image\/svg+xml;base64,PHN2ZyB3aWR0aD0iMSIgaGVpZ2h0PSIxIiB4bWxucz0iaHR0cDovL3d3dy53My5vcmcvMjAwMC9zdmciPjwvc3ZnPg==\" style=\"--smush-placeholder-width: 1024px; --smush-placeholder-aspect-ratio: 1024\/417;\" \/><\/figure>\n\n\n\n<p class=\"wp-block-paragraph\">A <a href=\"https:\/\/rutadelmodernisme.com\/es\/\" target=\"_blank\" rel=\"noreferrer noopener\">Rota do Modernismo<\/a> oferece um percurso para todos os p\u00fablicos, desde entusiastas da arte at\u00e9 fam\u00edlias que preferem conhecer uma cidade diferente. O passeio pode come\u00e7ar na Pla\u00e7a Catalunya e subir o Paseo de Gracia, onde v\u00e1rios \u00edcones do modernismo catal\u00e3o est\u00e3o alinhados: a <a href=\"https:\/\/rutadelmodernisme.com\/ficha\/casa-batllo-es\/\" target=\"_blank\" rel=\"noreferrer noopener\">Casa Batll\u00f3<\/a> de Antoni Gaud\u00ed, a Casa Lle\u00f3 Morera de Llu\u00eds Dom\u00e8nech i Montaner e a Casa Amatler de Josep Puig i Cadafalch. S\u00e3o tr\u00eas vis\u00f5es diferentes de uma mesma corrente que, juntas, definem a ess\u00eancia modernista de Barcelona.\u00a0<\/p>\n\n\n\n<p class=\"wp-block-paragraph\">A Casa Batll\u00f3, no n\u00famero 43 do Paseo de Gracia, \u00e9 um reflexo da planura art\u00edstica de Antoni Gaud\u00ed.\u00a0Um pouco mais acima, a <a href=\"https:\/\/rutadelmodernisme.com\/ficha\/casa-mila-la-pedrera-es\/\" target=\"_blank\" rel=\"noreferrer noopener\">Casa Mil\u00e0<\/a>, conhecida como La Pedrera, surpreende com sua fachada ondulada e seu telhado repleto de esculturas de figuras guardi\u00e3s. De l\u00e1, o itiner\u00e1rio segue at\u00e9 a <a href=\"https:\/\/rutadelmodernisme.com\/ficha\/basilica-la-sagrada-familia-2\/\" target=\"_blank\" rel=\"noreferrer noopener\">Sagrada Fam\u00edlia<\/a>, sem d\u00favida o projeto mais ambicioso de Gaud\u00ed e um emblema indiscut\u00edvel da cidade. Ainda inacabada, sua silhueta domina o horizonte urbano e simboliza a uni\u00e3o entre a f\u00e9, a arte e a natureza.\u00a0<\/p>\n\n\n\n<figure class=\"wp-block-image size-large\"><img decoding=\"async\" width=\"1024\" height=\"417\" data-src=\"https:\/\/voage.com.br\/site\/wp-content\/uploads\/2026\/02\/barcelona4-1024x417.png\" alt=\"Vista da Sagrada Fam\u00edlia, Barcelona, Espanha\" class=\"wp-image-2238 lazyload\" data-srcset=\"https:\/\/voage.com.br\/site\/wp-content\/uploads\/2026\/02\/barcelona4-1024x417.png 1024w, https:\/\/voage.com.br\/site\/wp-content\/uploads\/2026\/02\/barcelona4-300x122.png 300w, https:\/\/voage.com.br\/site\/wp-content\/uploads\/2026\/02\/barcelona4-768x313.png 768w, https:\/\/voage.com.br\/site\/wp-content\/uploads\/2026\/02\/barcelona4.png 1080w\" data-sizes=\"(max-width: 1024px) 100vw, 1024px\" src=\"data:image\/svg+xml;base64,PHN2ZyB3aWR0aD0iMSIgaGVpZ2h0PSIxIiB4bWxucz0iaHR0cDovL3d3dy53My5vcmcvMjAwMC9zdmciPjwvc3ZnPg==\" style=\"--smush-placeholder-width: 1024px; --smush-placeholder-aspect-ratio: 1024\/417;\" \/><\/figure>\n\n\n\n<p class=\"wp-block-paragraph\">Al\u00e9m do Eixample, o modernismo est\u00e1 se espalhando por toda a cidade. O <a href=\"https:\/\/rutadelmodernisme.com\/ficha\/palau-de-la-musica-catalana-es\/\" target=\"_blank\" rel=\"noreferrer noopener\">Palau de la M\u00fasica Catalana<\/a>, Patrim\u00f4nio Mundial da UNESCO, \u00e9 um espet\u00e1culo de luz e cor; e outro Patrim\u00f4nio Mundial, como o Sant Pau Art Nouveau, oferece um exemplo \u00fanico de como a arte pode ser integrada \u00e0 vida cotidiana. Ambos os espa\u00e7os convidam a apreciar a arquitetura modernista por dentro com visitas que combinam cultura e emo\u00e7\u00e3o.\u00a0<\/p>\n\n\n\n<figure class=\"wp-block-image size-large\"><img decoding=\"async\" width=\"1024\" height=\"417\" data-src=\"https:\/\/voage.com.br\/site\/wp-content\/uploads\/2026\/02\/barcelona3-1024x417.png\" alt=\"Palau de la Musica Catalana, Barcelona, Espanha\" class=\"wp-image-2237 lazyload\" data-srcset=\"https:\/\/voage.com.br\/site\/wp-content\/uploads\/2026\/02\/barcelona3-1024x417.png 1024w, https:\/\/voage.com.br\/site\/wp-content\/uploads\/2026\/02\/barcelona3-300x122.png 300w, https:\/\/voage.com.br\/site\/wp-content\/uploads\/2026\/02\/barcelona3-768x313.png 768w, https:\/\/voage.com.br\/site\/wp-content\/uploads\/2026\/02\/barcelona3.png 1080w\" data-sizes=\"(max-width: 1024px) 100vw, 1024px\" src=\"data:image\/svg+xml;base64,PHN2ZyB3aWR0aD0iMSIgaGVpZ2h0PSIxIiB4bWxucz0iaHR0cDovL3d3dy53My5vcmcvMjAwMC9zdmciPjwvc3ZnPg==\" style=\"--smush-placeholder-width: 1024px; --smush-placeholder-aspect-ratio: 1024\/417;\" \/><\/figure>\n\n\n\n<p class=\"wp-block-paragraph\">J\u00e1 conhece Barcelona? N\u00e3o? Fala com a gente, n\u00f3s te levamos at\u00e9 l\u00e1 com um roteiro totalmente preparado para voc\u00ea.<\/p>\n\n\n\n<p class=\"wp-block-paragraph\">Fonte: <a href=\"https:\/\/www.tourspain.es\/consejerias\/sao-paulo\/pt_BR\/b2b\/barcelona-modernista-roteiro-arte-historia-arquitetura\" target=\"_blank\" rel=\"noreferrer noopener\">Turespa\u00f1a<\/a><\/p>\n\n\n\n<div class=\"wp-block-group\"><div class=\"wp-block-group__inner-container is-layout-constrained wp-block-group-is-layout-constrained\">\n<hr class=\"wp-block-separator has-text-color has-alpha-channel-opacity has-background\" style=\"background-color:#e3842b;color:#e3842b\"\/>\n\n\n\n<div style=\"height:50px\" aria-hidden=\"true\" class=\"wp-block-spacer\"><\/div>\n<\/div><\/div>\n","protected":false},"excerpt":{"rendered":"<p>Uma mat\u00e9ria muito legal do Turespa\u00f1a, site oficial do governo espanhol para o turismo, nos leva a conhecer Barcelona por sua identidade modernista, fator extremamente importante para o que a cidade \u00e9 hoje.\u00a0A capital catal\u00e3 convida voc\u00ea a descobrir sua identidade modernista por rotas cheias de arte. Barcelona respira modernismo em cada esquina. Suas ruas, [&hellip;]<\/p>\n","protected":false},"author":1,"featured_media":2235,"comment_status":"open","ping_status":"open","sticky":false,"template":"","format":"standard","meta":{"_eb_attr":"","eb_css":"","footnotes":""},"categories":[13,254,40],"tags":[465,146,261,106,179,35,463,464,467],"class_list":["post-2233","post","type-post","status-publish","format-standard","has-post-thumbnail","hentry","category-dicas-de-viagem","category-descubra-o-mundo","category-destinos-top","tag-arquitetura","tag-barcelona","tag-destinos-top","tag-dicas-de-viagem","tag-espanha","tag-europa","tag-modernis","tag-modernismo","tag-rota-do-modernismo"],"_links":{"self":[{"href":"https:\/\/voage.com.br\/site\/wp-json\/wp\/v2\/posts\/2233","targetHints":{"allow":["GET"]}}],"collection":[{"href":"https:\/\/voage.com.br\/site\/wp-json\/wp\/v2\/posts"}],"about":[{"href":"https:\/\/voage.com.br\/site\/wp-json\/wp\/v2\/types\/post"}],"author":[{"embeddable":true,"href":"https:\/\/voage.com.br\/site\/wp-json\/wp\/v2\/users\/1"}],"replies":[{"embeddable":true,"href":"https:\/\/voage.com.br\/site\/wp-json\/wp\/v2\/comments?post=2233"}],"version-history":[{"count":2,"href":"https:\/\/voage.com.br\/site\/wp-json\/wp\/v2\/posts\/2233\/revisions"}],"predecessor-version":[{"id":2239,"href":"https:\/\/voage.com.br\/site\/wp-json\/wp\/v2\/posts\/2233\/revisions\/2239"}],"wp:featuredmedia":[{"embeddable":true,"href":"https:\/\/voage.com.br\/site\/wp-json\/wp\/v2\/media\/2235"}],"wp:attachment":[{"href":"https:\/\/voage.com.br\/site\/wp-json\/wp\/v2\/media?parent=2233"}],"wp:term":[{"taxonomy":"category","embeddable":true,"href":"https:\/\/voage.com.br\/site\/wp-json\/wp\/v2\/categories?post=2233"},{"taxonomy":"post_tag","embeddable":true,"href":"https:\/\/voage.com.br\/site\/wp-json\/wp\/v2\/tags?post=2233"}],"curies":[{"name":"wp","href":"https:\/\/api.w.org\/{rel}","templated":true}]}}