{"id":2180,"date":"2026-01-07T10:01:00","date_gmt":"2026-01-07T13:01:00","guid":{"rendered":"https:\/\/voage.com.br\/site\/?p=2180"},"modified":"2026-01-05T16:43:06","modified_gmt":"2026-01-05T19:43:06","slug":"ano-novo-novas-viagens","status":"publish","type":"post","link":"https:\/\/voage.com.br\/site\/2026\/01\/07\/ano-novo-novas-viagens\/","title":{"rendered":"Ano novo, novas viagens"},"content":{"rendered":"\n<div class=\"wp-block-columns is-layout-flex wp-container-core-columns-is-layout-8f761849 wp-block-columns-is-layout-flex\">\n<div class=\"wp-block-column is-layout-flow wp-block-column-is-layout-flow\" style=\"flex-basis:33.33%\">\n<div style=\"position: relative; width: 100%; height: 0; padding-top: 177.7778%;\n padding-bottom: 0; box-shadow: 0 2px 8px 0 rgba(63,69,81,0.16); margin-top: 1.6em; margin-bottom: 0.9em; overflow: hidden;\n border-radius: 8px; will-change: transform;\">\n  <iframe style=\"position: absolute; width: 100%; height: 100%; top: 0; left: 0; border: none; padding: 0;margin: 0;\"\n    data-src=\"https:\/\/www.canva.com\/design\/DAG7rL5afJQ\/Ke41OBuuB6BXMzWjSfWWLA\/watch?embed\" allowfullscreen=\"allowfullscreen\" allow=\"fullscreen\" src=\"data:image\/svg+xml;base64,PHN2ZyB3aWR0aD0iMSIgaGVpZ2h0PSIxIiB4bWxucz0iaHR0cDovL3d3dy53My5vcmcvMjAwMC9zdmciPjwvc3ZnPg==\" class=\"lazyload\" data-load-mode=\"0\">\n  <\/iframe>\n<\/div>\n<a href=\"https:&#x2F;&#x2F;www.canva.com&#x2F;design&#x2F;DAG7rL5afJQ&#x2F;Ke41OBuuB6BXMzWjSfWWLA&#x2F;watch?utm_content=DAG7rL5afJQ&amp;utm_campaign=designshare&amp;utm_medium=embeds&amp;utm_source=link\" target=\"_blank\" rel=\"noopener\">Feriados de 2026<\/a>\n<\/div>\n\n\n\n<div class=\"wp-block-column is-layout-flow wp-block-column-is-layout-flow\" style=\"flex-basis:66.66%\">\n<p class=\"wp-block-paragraph\"><\/p>\n\n\n\n<p class=\"wp-block-paragraph\">Se voc\u00ea \u00e9 como eu, j\u00e1 reservou ou planejou algumas das suas viagens para 2026: at\u00e9 agora, vou para Amsterd\u00e3 e Copenhague e planejo datas para Len\u00e7\u00f3is Maranhenses, Rio de Janeiro e Jamaica. Tamb\u00e9m estou estudando Rovinj para o meu anivers\u00e1rio e uns passeios rodovi\u00e1rios de final de semana com a nossa parceira <a href=\"https:\/\/www.instagram.com\/viagens_da_sol\/\" target=\"_blank\" rel=\"noopener\"><strong>Viagens da Sol<\/strong><\/a>.<\/p>\n\n\n\n<p class=\"wp-block-paragraph\">Isso \u00e9 que amo neste per\u00edodo: tudo \u00e9 possibilidade, expectativa, entusiasmo, planejamento. N\u00e3o \u00e9 de admirar que esta seja a \u00e9poca do ano em que a busca por ideias de viagem atinge o pico. Temos sugest\u00f5es divertidas para destinos menos conhecidos, rom\u00e2nticos, ideais para fam\u00edlias ou viagens solo e, claro, eventos imperd\u00edveis (algu\u00e9m a\u00ed quer ir \u00e0 Copa do Mundo da FIFA?).<\/p>\n\n\n\n<p class=\"wp-block-paragraph\">Para te ajudar a come\u00e7ar, confira a rela\u00e7\u00e3o de feriados nacionais, estaduais e municipais pra poder planejar melhor, sem mencionar as f\u00e9rias. Nossa lista inclui 9 de julho, feriado no estado de S\u00e3o Paulo, e 15 de agosto, feriado na cidade de Jundia\u00ed.<\/p>\n\n\n\n<p class=\"has-colibri-color-6-color has-text-color has-link-color wp-elements-1 wp-block-paragraph\">Bora come\u00e7ar a planejar? E lembre-se de que voc\u00ea pode sempre contar com a <strong>Voage<\/strong> para o melhor roteiro dentro das suas expectativas.<\/p>\n\n\n\n<p class=\"has-text-color has-link-color wp-elements-2 wp-block-paragraph\" style=\"color:#e3842b\"><strong>Feliz 2026!<\/strong><\/p>\n<\/div>\n<\/div>\n\n\n\n<div class=\"wp-block-group\"><div class=\"wp-block-group__inner-container is-layout-constrained wp-block-group-is-layout-constrained\">\n<hr class=\"wp-block-separator has-text-color has-alpha-channel-opacity has-background\" style=\"background-color:#e3842b;color:#e3842b\"\/>\n\n\n\n<div style=\"height:50px\" aria-hidden=\"true\" class=\"wp-block-spacer\"><\/div>\n<\/div><\/div>\n","protected":false},"excerpt":{"rendered":"<p>Feriados de 2026 Se voc\u00ea \u00e9 como eu, j\u00e1 reservou ou planejou algumas das suas viagens para 2026: at\u00e9 agora, vou para Amsterd\u00e3 e Copenhague e planejo datas para Len\u00e7\u00f3is Maranhenses, Rio de Janeiro e Jamaica. Tamb\u00e9m estou estudando Rovinj para o meu anivers\u00e1rio e uns passeios rodovi\u00e1rios de final de semana com a nossa [&hellip;]<\/p>\n","protected":false},"author":2,"featured_media":2195,"comment_status":"open","ping_status":"open","sticky":false,"template":"","format":"standard","meta":{"_eb_attr":"","eb_css":"","footnotes":""},"categories":[13,21,6],"tags":[459,52,261,106],"class_list":["post-2180","post","type-post","status-publish","format-standard","has-post-thumbnail","hentry","category-dicas-de-viagem","category-destinos","category-impressoes","tag-ano-novo","tag-destinos","tag-destinos-top","tag-dicas-de-viagem"],"_links":{"self":[{"href":"https:\/\/voage.com.br\/site\/wp-json\/wp\/v2\/posts\/2180","targetHints":{"allow":["GET"]}}],"collection":[{"href":"https:\/\/voage.com.br\/site\/wp-json\/wp\/v2\/posts"}],"about":[{"href":"https:\/\/voage.com.br\/site\/wp-json\/wp\/v2\/types\/post"}],"author":[{"embeddable":true,"href":"https:\/\/voage.com.br\/site\/wp-json\/wp\/v2\/users\/2"}],"replies":[{"embeddable":true,"href":"https:\/\/voage.com.br\/site\/wp-json\/wp\/v2\/comments?post=2180"}],"version-history":[{"count":7,"href":"https:\/\/voage.com.br\/site\/wp-json\/wp\/v2\/posts\/2180\/revisions"}],"predecessor-version":[{"id":2193,"href":"https:\/\/voage.com.br\/site\/wp-json\/wp\/v2\/posts\/2180\/revisions\/2193"}],"wp:featuredmedia":[{"embeddable":true,"href":"https:\/\/voage.com.br\/site\/wp-json\/wp\/v2\/media\/2195"}],"wp:attachment":[{"href":"https:\/\/voage.com.br\/site\/wp-json\/wp\/v2\/media?parent=2180"}],"wp:term":[{"taxonomy":"category","embeddable":true,"href":"https:\/\/voage.com.br\/site\/wp-json\/wp\/v2\/categories?post=2180"},{"taxonomy":"post_tag","embeddable":true,"href":"https:\/\/voage.com.br\/site\/wp-json\/wp\/v2\/tags?post=2180"}],"curies":[{"name":"wp","href":"https:\/\/api.w.org\/{rel}","templated":true}]}}