{"id":2151,"date":"2025-11-12T10:01:00","date_gmt":"2025-11-12T13:01:00","guid":{"rendered":"https:\/\/voage.com.br\/site\/?p=2151"},"modified":"2025-11-11T10:44:34","modified_gmt":"2025-11-11T13:44:34","slug":"turismo-noturno-aurora-boreal","status":"publish","type":"post","link":"https:\/\/voage.com.br\/site\/2025\/11\/12\/turismo-noturno-aurora-boreal\/","title":{"rendered":"Turismo Noturno: Aurora Boreal"},"content":{"rendered":"\n<p class=\"has-text-color has-link-color has-medium-font-size wp-elements-1 wp-block-paragraph\" style=\"color:#e3842b\"><strong>Neste inverno, no Hemisf\u00e9rio Norte, entre setembro de 2025 e mar\u00e7o de 2026, a Aurora Boreal ser\u00e1 ainda mais impressionante, descubra onde v\u00ea-la.<\/strong><\/p>\n\n\n\n<p class=\"wp-block-paragraph\">A Aurora Boreal \u00e9 um fen\u00f4meno natural que ocorre nas regi\u00f5es pr\u00f3ximas ao Polo Norte e se caracteriza pela forma\u00e7\u00e3o de luzes coloridas e brilhantes no c\u00e9u noturno. Ocorre quando part\u00edculas carregadas do vento solar colidem com os gases da atmosfera da Terra, especialmente na camada chamada termosfera, produzindo diversas cores e formas luminosas em um espet\u00e1culo visual \u00fanico. As cores variam conforme o tipo de g\u00e1s e a altitude da intera\u00e7\u00e3o: verdes, roxas, vermelhas e at\u00e9 tons rosados podem ser observados.<\/p>\n\n\n\n<div class=\"wp-block-columns is-layout-flex wp-container-core-columns-is-layout-8f761849 wp-block-columns-is-layout-flex\">\n<div class=\"wp-block-column is-layout-flow wp-block-column-is-layout-flow\">\n<figure class=\"wp-block-image size-full\"><img decoding=\"async\" width=\"630\" height=\"476\" data-src=\"https:\/\/voage.com.br\/site\/wp-content\/uploads\/2025\/11\/auroraborealis6.jpg\" alt=\"Aurora Boreal em Vagar, Ilhas Faro\u00e9\" class=\"wp-image-2159 lazyload\" data-srcset=\"https:\/\/voage.com.br\/site\/wp-content\/uploads\/2025\/11\/auroraborealis6.jpg 630w, https:\/\/voage.com.br\/site\/wp-content\/uploads\/2025\/11\/auroraborealis6-300x227.jpg 300w\" data-sizes=\"(max-width: 630px) 100vw, 630px\" src=\"data:image\/svg+xml;base64,PHN2ZyB3aWR0aD0iMSIgaGVpZ2h0PSIxIiB4bWxucz0iaHR0cDovL3d3dy53My5vcmcvMjAwMC9zdmciPjwvc3ZnPg==\" style=\"--smush-placeholder-width: 630px; --smush-placeholder-aspect-ratio: 630\/476;\" \/><\/figure>\n<\/div>\n\n\n\n<div class=\"wp-block-column is-layout-flow wp-block-column-is-layout-flow\">\n<figure class=\"wp-block-image size-full\"><img decoding=\"async\" width=\"630\" height=\"476\" data-src=\"https:\/\/voage.com.br\/site\/wp-content\/uploads\/2025\/11\/auroraborealis7.jpg\" alt=\"Aurora Boreal em Nighthorse, Yukon, Canad\u00e1\" class=\"wp-image-2160 lazyload\" data-srcset=\"https:\/\/voage.com.br\/site\/wp-content\/uploads\/2025\/11\/auroraborealis7.jpg 630w, https:\/\/voage.com.br\/site\/wp-content\/uploads\/2025\/11\/auroraborealis7-300x227.jpg 300w\" data-sizes=\"(max-width: 630px) 100vw, 630px\" src=\"data:image\/svg+xml;base64,PHN2ZyB3aWR0aD0iMSIgaGVpZ2h0PSIxIiB4bWxucz0iaHR0cDovL3d3dy53My5vcmcvMjAwMC9zdmciPjwvc3ZnPg==\" style=\"--smush-placeholder-width: 630px; --smush-placeholder-aspect-ratio: 630\/476;\" \/><\/figure>\n<\/div>\n<\/div>\n\n\n\n<p class=\"wp-block-paragraph\">Neste inverno (setembro de 2025 a mar\u00e7o de 2026), em mais de uma d\u00e9cada, \u00e0 medida que a atividade solar atinge seu pico, a esquiva Aurora Boreal poder\u00e1 apresentar seu melhor desempenho. No ano passado, a NASA confirmou que o Sol estava atingindo sua fase m\u00e1xima em seu ciclo solar de 11 anos, que deve durar at\u00e9 mar\u00e7o de 2026.&nbsp;<\/p>\n\n\n\n<p class=\"wp-block-paragraph\">&#8220;Durante o m\u00e1ximo solar, o n\u00famero de manchas solares, e consequentemente a quantidade de atividade solar, aumenta. Esse aumento na atividade proporciona uma oportunidade empolgante para aprendermos sobre nossa estrela mais pr\u00f3xima, mas tamb\u00e9m causa efeitos reais na Terra e em todo o nosso sistema solar&#8221;, explica o diretor do Programa de Clima Espacial da NASA, Jamie Favors.<\/p>\n\n\n\n<p class=\"wp-block-paragraph\">A atividade solar pode influenciar fortemente as condi\u00e7\u00f5es no espa\u00e7o, conhecidas como clima espacial, que podem afetar sat\u00e9lites e sistemas de navega\u00e7\u00e3o, como r\u00e1dio e GPS, bem como as redes el\u00e9tricas na Terra. Isso tamb\u00e9m pode levar a uma maior visibilidade da aurora boreal e resultou em um n\u00famero crescente de viajantes que planejam viagens neste pr\u00f3ximo inverno no hemisf\u00e9rio norte exclusivamente em fun\u00e7\u00e3o da atividade da aurora.<\/p>\n\n\n\n<div class=\"wp-block-columns is-layout-flex wp-container-core-columns-is-layout-8f761849 wp-block-columns-is-layout-flex\">\n<div class=\"wp-block-column is-layout-flow wp-block-column-is-layout-flow\">\n<figure class=\"wp-block-image size-full\"><img decoding=\"async\" width=\"630\" height=\"476\" data-src=\"https:\/\/voage.com.br\/site\/wp-content\/uploads\/2025\/11\/auroraborealis8.jpg\" alt=\"Aurora Boreal em Fairbanks, Alaska, EUA\" class=\"wp-image-2161 lazyload\" data-srcset=\"https:\/\/voage.com.br\/site\/wp-content\/uploads\/2025\/11\/auroraborealis8.jpg 630w, https:\/\/voage.com.br\/site\/wp-content\/uploads\/2025\/11\/auroraborealis8-300x227.jpg 300w\" data-sizes=\"(max-width: 630px) 100vw, 630px\" src=\"data:image\/svg+xml;base64,PHN2ZyB3aWR0aD0iMSIgaGVpZ2h0PSIxIiB4bWxucz0iaHR0cDovL3d3dy53My5vcmcvMjAwMC9zdmciPjwvc3ZnPg==\" style=\"--smush-placeholder-width: 630px; --smush-placeholder-aspect-ratio: 630\/476;\" \/><\/figure>\n<\/div>\n\n\n\n<div class=\"wp-block-column is-layout-flow wp-block-column-is-layout-flow\">\n<figure class=\"wp-block-image size-full\"><img decoding=\"async\" width=\"630\" height=\"476\" data-src=\"https:\/\/voage.com.br\/site\/wp-content\/uploads\/2025\/11\/auroraborealis9.jpg\" alt=\"Auroa Boreal em Tasiilaq, Groenl\u00e2ndia\" class=\"wp-image-2162 lazyload\" data-srcset=\"https:\/\/voage.com.br\/site\/wp-content\/uploads\/2025\/11\/auroraborealis9.jpg 630w, https:\/\/voage.com.br\/site\/wp-content\/uploads\/2025\/11\/auroraborealis9-300x227.jpg 300w\" data-sizes=\"(max-width: 630px) 100vw, 630px\" src=\"data:image\/svg+xml;base64,PHN2ZyB3aWR0aD0iMSIgaGVpZ2h0PSIxIiB4bWxucz0iaHR0cDovL3d3dy53My5vcmcvMjAwMC9zdmciPjwvc3ZnPg==\" style=\"--smush-placeholder-width: 630px; --smush-placeholder-aspect-ratio: 630\/476;\" \/><\/figure>\n<\/div>\n<\/div>\n\n\n\n<p class=\"wp-block-paragraph\">O aumento da atividade solar transformou a aurora boreal em uma das experi\u00eancias de viagem mais procuradas da d\u00e9cada, resultando em uma demanda extraordinariamente alta por uma s\u00e9rie de destinos em posi\u00e7\u00f5es privilegiadas. Mesmo aumentos significativos nos pre\u00e7os de voos ou acomoda\u00e7\u00f5es t\u00eam pouco efeito para desencorajar os viajantes, que est\u00e3o reservando viagens para estes destinos com at\u00e9 um ano de anteced\u00eancia.<\/p>\n\n\n\n<p class=\"wp-block-paragraph\">Portanto, se voc\u00ea quer curtir esse fen\u00f4meno, planeje com anteced\u00eancia para garantir disponibilidade e controlar os custos, especialmente porque as pequenas cidades e regi\u00f5es remotas, ideais para observar a Aurora Boreal, t\u00eam ofertas limitadas de hospedagem.<\/p>\n\n\n\n<p class=\"wp-block-paragraph\">Mas quais s\u00e3o os melhores pa\u00edses para ver a Aurora Boreal?<\/p>\n\n\n\n<p class=\"wp-block-paragraph\">H\u00e1 um aumento significativo no interesse de viagens para os pa\u00edses n\u00f3rdicos. A <strong>Finl\u00e2ndia<\/strong>, por exemplo, teve um aumento no n\u00famero de reservas de 2.300%. A <strong>Lap\u00f4ni<\/strong>a finlandesa oferece uma experi\u00eancia aconchegante e m\u00e1gica, com op\u00e7\u00f5es para observar a Aurora Boreal no conforto de um iglu de vidro ou combinar a observa\u00e7\u00e3o com uma visita \u00e0 Vila do Papai Noel em <strong>Rovaniemi<\/strong>.<\/p>\n\n\n\n<figure class=\"wp-block-image size-large\"><img decoding=\"async\" width=\"1024\" height=\"417\" data-src=\"https:\/\/voage.com.br\/site\/wp-content\/uploads\/2025\/11\/auroraborealis2-1024x417.jpg\" alt=\"Aurora Boreal em Rovaniemi, Finl\u00e2ndia\" class=\"wp-image-2155 lazyload\" data-srcset=\"https:\/\/voage.com.br\/site\/wp-content\/uploads\/2025\/11\/auroraborealis2-1024x417.jpg 1024w, https:\/\/voage.com.br\/site\/wp-content\/uploads\/2025\/11\/auroraborealis2-300x122.jpg 300w, https:\/\/voage.com.br\/site\/wp-content\/uploads\/2025\/11\/auroraborealis2-768x313.jpg 768w, https:\/\/voage.com.br\/site\/wp-content\/uploads\/2025\/11\/auroraborealis2.jpg 1080w\" data-sizes=\"(max-width: 1024px) 100vw, 1024px\" src=\"data:image\/svg+xml;base64,PHN2ZyB3aWR0aD0iMSIgaGVpZ2h0PSIxIiB4bWxucz0iaHR0cDovL3d3dy53My5vcmcvMjAwMC9zdmciPjwvc3ZnPg==\" style=\"--smush-placeholder-width: 1024px; --smush-placeholder-aspect-ratio: 1024\/417;\" \/><\/figure>\n\n\n\n<p class=\"wp-block-paragraph\">J\u00e1 a <strong>Isl\u00e2ndia<\/strong> registou um aumento de 2.200% no \u00faltimo ano. A temporada oficial da Aurora Boreal na Isl\u00e2ndia vai de setembro a mar\u00e7o. Durante esse per\u00edodo do ano, os dias s\u00e3o escuros e curtos, o que significa que os turistas t\u00eam mais tempo para observar o fen\u00f4meno. O Servi\u00e7o Meteorol\u00f3gico da Isl\u00e2ndia fornece uma previs\u00e3o da aurora boreal com proje\u00e7\u00f5es para os pr\u00f3ximos tr\u00eas dias, permitindo que os visitantes viajem para \u00e1reas com maior visibilidade. Recomendamos afastar-se da polui\u00e7\u00e3o luminosa para maximizar as chances de avistar a aurora boreal, embora a mais brilhante ainda possa ser vista nas cidades. O melhor hor\u00e1rio para observa\u00e7\u00e3o geralmente \u00e9 das 21h \u00e0s 2h, ent\u00e3o pode valer a pena ficar acordado at\u00e9 mais tarde para aproveitar o espet\u00e1culo ao m\u00e1ximo.<\/p>\n\n\n\n<figure class=\"wp-block-image size-large\"><img decoding=\"async\" width=\"1024\" height=\"417\" data-src=\"https:\/\/voage.com.br\/site\/wp-content\/uploads\/2025\/11\/auroraborealis3-1024x417.jpg\" alt=\"Aurora Boreal em Kirkjufell, Isl\u00e2ndia\" class=\"wp-image-2156 lazyload\" data-srcset=\"https:\/\/voage.com.br\/site\/wp-content\/uploads\/2025\/11\/auroraborealis3-1024x417.jpg 1024w, https:\/\/voage.com.br\/site\/wp-content\/uploads\/2025\/11\/auroraborealis3-300x122.jpg 300w, https:\/\/voage.com.br\/site\/wp-content\/uploads\/2025\/11\/auroraborealis3-768x313.jpg 768w, https:\/\/voage.com.br\/site\/wp-content\/uploads\/2025\/11\/auroraborealis3.jpg 1080w\" data-sizes=\"(max-width: 1024px) 100vw, 1024px\" src=\"data:image\/svg+xml;base64,PHN2ZyB3aWR0aD0iMSIgaGVpZ2h0PSIxIiB4bWxucz0iaHR0cDovL3d3dy53My5vcmcvMjAwMC9zdmciPjwvc3ZnPg==\" style=\"--smush-placeholder-width: 1024px; --smush-placeholder-aspect-ratio: 1024\/417;\" \/><\/figure>\n\n\n\n<p class=\"wp-block-paragraph\">As reservas para a <strong>Noruega<\/strong> aumentaram 126%, e o pa\u00eds \u00e9 frequentemente considerado um dos melhores para observar a Aurora Boreal, especialmente nas regi\u00f5es do norte. <strong>Troms\u00f8<\/strong> oferece uma excelente combina\u00e7\u00e3o de vida urbana e f\u00e1cil acesso aos fiordes escuros, maximizando as oportunidades de observa\u00e7\u00e3o.<\/p>\n\n\n\n<figure class=\"wp-block-image size-large\"><img decoding=\"async\" width=\"1024\" height=\"417\" data-src=\"https:\/\/voage.com.br\/site\/wp-content\/uploads\/2025\/11\/auroraborealis4-1024x417.jpg\" alt=\"Aurora Boreal em Ersfjordbotn em Troms\u00f8, Noruega\" class=\"wp-image-2157 lazyload\" data-srcset=\"https:\/\/voage.com.br\/site\/wp-content\/uploads\/2025\/11\/auroraborealis4-1024x417.jpg 1024w, https:\/\/voage.com.br\/site\/wp-content\/uploads\/2025\/11\/auroraborealis4-300x122.jpg 300w, https:\/\/voage.com.br\/site\/wp-content\/uploads\/2025\/11\/auroraborealis4-768x313.jpg 768w, https:\/\/voage.com.br\/site\/wp-content\/uploads\/2025\/11\/auroraborealis4.jpg 1080w\" data-sizes=\"(max-width: 1024px) 100vw, 1024px\" src=\"data:image\/svg+xml;base64,PHN2ZyB3aWR0aD0iMSIgaGVpZ2h0PSIxIiB4bWxucz0iaHR0cDovL3d3dy53My5vcmcvMjAwMC9zdmciPjwvc3ZnPg==\" style=\"--smush-placeholder-width: 1024px; --smush-placeholder-aspect-ratio: 1024\/417;\" \/><\/figure>\n\n\n\n<p class=\"wp-block-paragraph\">A <strong>Su\u00e9cia<\/strong> tamb\u00e9m dever\u00e1 vivenciar um boom tur\u00edstico, registrando um aumento de 91% nas reservas. O apelo do pa\u00eds reside no microclima claro e seco do <strong>Parque Nacional de Abisko<\/strong> e na famosa <strong>Aurora Sky Station<\/strong>, conhecida como o local cientificamente mais confi\u00e1vel para observa\u00e7\u00e3o do fen\u00f4meno devido ao seu &#8220;buraco azul&#8221; de c\u00e9u limpo.<\/p>\n\n\n\n<figure class=\"wp-block-image size-large\"><img decoding=\"async\" width=\"1024\" height=\"417\" data-src=\"https:\/\/voage.com.br\/site\/wp-content\/uploads\/2025\/11\/auroraborealis5-1024x417.jpg\" alt=\"Aurora Boreal em Abisko, Su\u00e9cia\" class=\"wp-image-2158 lazyload\" data-srcset=\"https:\/\/voage.com.br\/site\/wp-content\/uploads\/2025\/11\/auroraborealis5-1024x417.jpg 1024w, https:\/\/voage.com.br\/site\/wp-content\/uploads\/2025\/11\/auroraborealis5-300x122.jpg 300w, https:\/\/voage.com.br\/site\/wp-content\/uploads\/2025\/11\/auroraborealis5-768x313.jpg 768w, https:\/\/voage.com.br\/site\/wp-content\/uploads\/2025\/11\/auroraborealis5.jpg 1080w\" data-sizes=\"(max-width: 1024px) 100vw, 1024px\" src=\"data:image\/svg+xml;base64,PHN2ZyB3aWR0aD0iMSIgaGVpZ2h0PSIxIiB4bWxucz0iaHR0cDovL3d3dy53My5vcmcvMjAwMC9zdmciPjwvc3ZnPg==\" style=\"--smush-placeholder-width: 1024px; --smush-placeholder-aspect-ratio: 1024\/417;\" \/><\/figure>\n\n\n\n<p class=\"wp-block-paragraph\">Outros lugares legais para curtir o fen\u00f4meno s\u00e3o:<\/p>\n\n\n\n<ul class=\"wp-block-list\">\n<li><strong>Dinamarca:<\/strong> <strong>Ilhas Faro\u00e9<\/strong>, esse pequeno arquip\u00e9lago tem noites escuras ideais para observar o fen\u00f4meno.<\/li>\n\n\n\n<li><strong>Canad\u00e1:<\/strong> regi\u00f5es como <strong>Yukon<\/strong>, <strong>Territ\u00f3rios do Noroeste<\/strong>, <strong>Nunavut<\/strong>, <strong>Quebec<\/strong> e <strong>Manitoba<\/strong> s\u00e3o muito procuradas.<\/li>\n\n\n\n<li><strong>EUA:<\/strong> <strong>Fairbanks<\/strong>, no <strong>Alasca<\/strong>, \u00e9 a cidade mais conhecida para o avistamento nos EUA.<\/li>\n\n\n\n<li><strong>Groenl\u00e2ndia:<\/strong> pouco explorada e remota, \u00e9 excelente para quem busca experi\u00eancias fora do roteiro \u00f3bvio.<\/li>\n\n\n\n<li><strong>R\u00fassia:<\/strong> <strong>Murmansk<\/strong> e a <strong>Pen\u00ednsula de Kola<\/strong> est\u00e3o entre os lugares mais populares no pa\u00eds para ver o fen\u00f4meno.<\/li>\n\n\n\n<li><strong>Esc\u00f3cia:<\/strong> embora seja mais raro, tamb\u00e9m h\u00e1 relatos de visualiza\u00e7\u00e3o em noites ideais nas <strong>Highlands<\/strong>.<\/li>\n<\/ul>\n\n\n\n<div class=\"wp-block-columns is-layout-flex wp-container-core-columns-is-layout-8f761849 wp-block-columns-is-layout-flex\">\n<div class=\"wp-block-column is-layout-flow wp-block-column-is-layout-flow\">\n<figure class=\"wp-block-image size-full\"><img decoding=\"async\" width=\"630\" height=\"476\" data-src=\"https:\/\/voage.com.br\/site\/wp-content\/uploads\/2025\/11\/auroraborealis10.jpg\" alt=\"Aurora Boreal em Murmansk, R\u00fassia\" class=\"wp-image-2163 lazyload\" data-srcset=\"https:\/\/voage.com.br\/site\/wp-content\/uploads\/2025\/11\/auroraborealis10.jpg 630w, https:\/\/voage.com.br\/site\/wp-content\/uploads\/2025\/11\/auroraborealis10-300x227.jpg 300w\" data-sizes=\"(max-width: 630px) 100vw, 630px\" src=\"data:image\/svg+xml;base64,PHN2ZyB3aWR0aD0iMSIgaGVpZ2h0PSIxIiB4bWxucz0iaHR0cDovL3d3dy53My5vcmcvMjAwMC9zdmciPjwvc3ZnPg==\" style=\"--smush-placeholder-width: 630px; --smush-placeholder-aspect-ratio: 630\/476;\" \/><\/figure>\n<\/div>\n\n\n\n<div class=\"wp-block-column is-layout-flow wp-block-column-is-layout-flow\">\n<figure class=\"wp-block-image size-full\"><img decoding=\"async\" width=\"630\" height=\"476\" data-src=\"https:\/\/voage.com.br\/site\/wp-content\/uploads\/2025\/11\/auroraborealis11.jpg\" alt=\"Aurora Boreal nas Highlands, Esc\u00f3cia\" class=\"wp-image-2164 lazyload\" data-srcset=\"https:\/\/voage.com.br\/site\/wp-content\/uploads\/2025\/11\/auroraborealis11.jpg 630w, https:\/\/voage.com.br\/site\/wp-content\/uploads\/2025\/11\/auroraborealis11-300x227.jpg 300w\" data-sizes=\"(max-width: 630px) 100vw, 630px\" src=\"data:image\/svg+xml;base64,PHN2ZyB3aWR0aD0iMSIgaGVpZ2h0PSIxIiB4bWxucz0iaHR0cDovL3d3dy53My5vcmcvMjAwMC9zdmciPjwvc3ZnPg==\" style=\"--smush-placeholder-width: 630px; --smush-placeholder-aspect-ratio: 630\/476;\" \/><\/figure>\n<\/div>\n<\/div>\n\n\n\n<p class=\"wp-block-paragraph\">A Aurora Boreal \u00e9 um dos fen\u00f4menos mais incr\u00edveis de presenciar, pergunte a quem j\u00e1 viu qual a sensa\u00e7\u00e3o. E depois, aproveite e fale com a Voage para conhecer nossos roteiros e maravilhe-se com a Aurora Boreal.<\/p>\n\n\n\n<p class=\"has-small-font-size wp-block-paragraph\">Fonte: <a href=\"https:\/\/www.euronews.com\/travel\/2025\/10\/26\/noctourism-why-the-northern-lights-will-be-even-more-impressive-this-winter-and-where-to-s\" target=\"_blank\" rel=\"noreferrer noopener\">EuroNews<\/a><\/p>\n\n\n\n<div class=\"wp-block-group\"><div class=\"wp-block-group__inner-container is-layout-constrained wp-block-group-is-layout-constrained\">\n<hr class=\"wp-block-separator has-text-color has-alpha-channel-opacity has-background\" style=\"background-color:#e3842b;color:#e3842b\"\/>\n\n\n\n<div style=\"height:50px\" aria-hidden=\"true\" class=\"wp-block-spacer\"><\/div>\n<\/div><\/div>\n","protected":false},"excerpt":{"rendered":"<p>Neste inverno, no Hemisf\u00e9rio Norte, entre setembro de 2025 e mar\u00e7o de 2026, a Aurora Boreal ser\u00e1 ainda mais impressionante, descubra onde v\u00ea-la. A Aurora Boreal \u00e9 um fen\u00f4meno natural que ocorre nas regi\u00f5es pr\u00f3ximas ao Polo Norte e se caracteriza pela forma\u00e7\u00e3o de luzes coloridas e brilhantes no c\u00e9u noturno. Ocorre quando part\u00edculas carregadas [&hellip;]<\/p>\n","protected":false},"author":1,"featured_media":2154,"comment_status":"open","ping_status":"open","sticky":false,"template":"","format":"standard","meta":{"_eb_attr":"","eb_css":"","footnotes":""},"categories":[13,254,40],"tags":[302,52,261,106],"class_list":["post-2151","post","type-post","status-publish","format-standard","has-post-thumbnail","hentry","category-dicas-de-viagem","category-descubra-o-mundo","category-destinos-top","tag-aurora-boreal","tag-destinos","tag-destinos-top","tag-dicas-de-viagem"],"_links":{"self":[{"href":"https:\/\/voage.com.br\/site\/wp-json\/wp\/v2\/posts\/2151","targetHints":{"allow":["GET"]}}],"collection":[{"href":"https:\/\/voage.com.br\/site\/wp-json\/wp\/v2\/posts"}],"about":[{"href":"https:\/\/voage.com.br\/site\/wp-json\/wp\/v2\/types\/post"}],"author":[{"embeddable":true,"href":"https:\/\/voage.com.br\/site\/wp-json\/wp\/v2\/users\/1"}],"replies":[{"embeddable":true,"href":"https:\/\/voage.com.br\/site\/wp-json\/wp\/v2\/comments?post=2151"}],"version-history":[{"count":2,"href":"https:\/\/voage.com.br\/site\/wp-json\/wp\/v2\/posts\/2151\/revisions"}],"predecessor-version":[{"id":2165,"href":"https:\/\/voage.com.br\/site\/wp-json\/wp\/v2\/posts\/2151\/revisions\/2165"}],"wp:featuredmedia":[{"embeddable":true,"href":"https:\/\/voage.com.br\/site\/wp-json\/wp\/v2\/media\/2154"}],"wp:attachment":[{"href":"https:\/\/voage.com.br\/site\/wp-json\/wp\/v2\/media?parent=2151"}],"wp:term":[{"taxonomy":"category","embeddable":true,"href":"https:\/\/voage.com.br\/site\/wp-json\/wp\/v2\/categories?post=2151"},{"taxonomy":"post_tag","embeddable":true,"href":"https:\/\/voage.com.br\/site\/wp-json\/wp\/v2\/tags?post=2151"}],"curies":[{"name":"wp","href":"https:\/\/api.w.org\/{rel}","templated":true}]}}