{"id":2098,"date":"2025-10-15T10:01:00","date_gmt":"2025-10-15T13:01:00","guid":{"rendered":"https:\/\/voage.com.br\/site\/?p=2098"},"modified":"2025-10-15T14:44:57","modified_gmt":"2025-10-15T17:44:57","slug":"melhores-cidades-de-patrimonio-cultural-da-europa-para-visitar-em-2026","status":"publish","type":"post","link":"https:\/\/voage.com.br\/site\/2025\/10\/15\/melhores-cidades-de-patrimonio-cultural-da-europa-para-visitar-em-2026\/","title":{"rendered":"Melhores Cidades de Patrim\u00f4nio Cultural da Europa para visitar em 2026"},"content":{"rendered":"\n<p class=\"wp-block-paragraph\">Nossa V\u00e2nia Negoro me mandou hoje uma <a href=\"https:\/\/forbes.com.br\/forbeslife\/2025\/10\/as-10-cidades-europeias-mais-ricas-em-cultura-para-visitar-em-2026\/\" target=\"_blank\" rel=\"noreferrer noopener\">mat\u00e9ria<\/a> da Forbes Brasil muito legal sobre as cidades europeias mais ricas em cultura para se visitar em 2026.<\/p>\n\n\n\n<p class=\"wp-block-paragraph\">Em um estudo abrangente de mais de 200 cidades historicamente aut\u00eanticas da Europa, de centros ic\u00f4nicos a joias escondidas, a organiza\u00e7\u00e3o <a href=\"https:\/\/www.europeanbestdestinations.com\/\" target=\"_blank\" rel=\"noreferrer noopener\">European Best Destinations<\/a> (EBD) divulgou sua lista das Melhores Cidades de Patrim\u00f4nio Cultural da Europa para 2026.\u00a0A sele\u00e7\u00e3o tem como base os S\u00edtios do Patrim\u00f4nio Cultural Mundial da UNESCO na Europa, uma pesquisa com viajantes internacionais sobre seus destinos culturais e gastron\u00f4micos preferidos, e uma curadoria de especialistas em viagens que avaliaram os locais segundo os crit\u00e9rios abaixo:<\/p>\n\n\n\n<ul class=\"wp-block-list\">\n<li>Integridade e preserva\u00e7\u00e3o da arquitetura e dos monumentos hist\u00f3ricos;<\/li>\n\n\n\n<li>Riqueza cultural por meio de museus, festivais e programa\u00e7\u00e3o anual;<\/li>\n\n\n\n<li>Sustentabilidade e acessibilidade, com destaque para transporte ecol\u00f3gico e mobilidade a p\u00e9;<\/li>\n\n\n\n<li>Culin\u00e1ria local aut\u00eantica e experi\u00eancias imersivas na natureza, tudo isso sem grandes multid\u00f5es.<\/li>\n<\/ul>\n\n\n\n<p class=\"wp-block-paragraph\">Ent\u00e3o, vamos a elas. Ao final, conta pra gente quais delas voc\u00ea conhece e quais gostaria de conhecer e n\u00f3s podemos preparar um roteiro sob medida com algumas delas, ou todas, se quiser, pra voc\u00ea aproveitar suas f\u00e9rias com uma imers\u00e3o total na cultura europeia.<\/p>\n\n\n\n<p class=\"wp-block-paragraph\"><strong>1. Ptuj, Eslov\u00eania<\/strong><br>Cidade mais antiga do pa\u00eds, onde um castelo milenar, vinhedos e festivais mant\u00eam viva a hist\u00f3ria, faz de Ptuj um dos destinos de patrim\u00f4nio mais din\u00e2micos da Europa.\u00a0De frente para o rio Drava, o castelo \u00e9 um s\u00edmbolo de continuidade e prest\u00edgio. A cidade \u00e9 reconhecida pela UNESCO como um dos 34 S\u00edtios do Patrim\u00f4nio Mundial listados para <strong>ajudar viajantes a compreender melhor o Valor Universal Excepcional e o patrim\u00f4nio cultural em geral<\/strong>. Ptuj preserva seu cora\u00e7\u00e3o medieval e, ao mesmo tempo, se reinventa constantemente atrav\u00e9s de festivais e eventos culturais e esportivos ao longo do ano, como o Carnaval Kurentovanje (um dos mais singulares da Europa) na primavera, o Festival Art Stays (com artistas internacionais, concertos e teatro ao ar livre) no ver\u00e3o, a colheita de vinho no outono (suas adegas est\u00e3o entre as mais antigas da Europa) e o Mercado de Natal no inverno, que ilumina as pra\u00e7as hist\u00f3ricas com tradi\u00e7\u00f5es locais.<\/p>\n\n\n\n<figure class=\"wp-block-image size-large\"><img decoding=\"async\" width=\"1024\" height=\"417\" data-src=\"https:\/\/voage.com.br\/site\/wp-content\/uploads\/2025\/10\/10euro26-2-1024x417.jpg\" alt=\"Vista do Castelo de Ptuj, Eslov\u00eania\" class=\"wp-image-2109 lazyload\" data-srcset=\"https:\/\/voage.com.br\/site\/wp-content\/uploads\/2025\/10\/10euro26-2-1024x417.jpg 1024w, https:\/\/voage.com.br\/site\/wp-content\/uploads\/2025\/10\/10euro26-2-300x122.jpg 300w, https:\/\/voage.com.br\/site\/wp-content\/uploads\/2025\/10\/10euro26-2-768x313.jpg 768w, https:\/\/voage.com.br\/site\/wp-content\/uploads\/2025\/10\/10euro26-2.jpg 1080w\" data-sizes=\"(max-width: 1024px) 100vw, 1024px\" src=\"data:image\/svg+xml;base64,PHN2ZyB3aWR0aD0iMSIgaGVpZ2h0PSIxIiB4bWxucz0iaHR0cDovL3d3dy53My5vcmcvMjAwMC9zdmciPjwvc3ZnPg==\" style=\"--smush-placeholder-width: 1024px; --smush-placeholder-aspect-ratio: 1024\/417;\" \/><\/figure>\n\n\n\n<p class=\"wp-block-paragraph\"><strong>2. Bruges, Flandres, B\u00e9lgica<\/strong><br>Conhecida como <strong>Veneza do Norte<\/strong>, combina uma rede de canais, igrejas g\u00f3ticas e pra\u00e7as medievais que formam um dos cen\u00e1rios urbanos mais preservados da Europa. A cidade \u00e9 um exemplo de conserva\u00e7\u00e3o, onde cada pedra parece contar uma hist\u00f3ria. Al\u00e9m de sua beleza emblem\u00e1tica, oferece gastronomia refinada, museus de alto n\u00edvel e uma acolhedora atmosfera flamenga.<\/p>\n\n\n\n<figure class=\"wp-block-image size-large\"><img decoding=\"async\" width=\"1024\" height=\"417\" data-src=\"https:\/\/voage.com.br\/site\/wp-content\/uploads\/2025\/10\/10euro26-3-1024x417.jpg\" alt=\"Vista de Bruges, B\u00e9lgica\" class=\"wp-image-2110 lazyload\" data-srcset=\"https:\/\/voage.com.br\/site\/wp-content\/uploads\/2025\/10\/10euro26-3-1024x417.jpg 1024w, https:\/\/voage.com.br\/site\/wp-content\/uploads\/2025\/10\/10euro26-3-300x122.jpg 300w, https:\/\/voage.com.br\/site\/wp-content\/uploads\/2025\/10\/10euro26-3-768x313.jpg 768w, https:\/\/voage.com.br\/site\/wp-content\/uploads\/2025\/10\/10euro26-3.jpg 1080w\" data-sizes=\"(max-width: 1024px) 100vw, 1024px\" src=\"data:image\/svg+xml;base64,PHN2ZyB3aWR0aD0iMSIgaGVpZ2h0PSIxIiB4bWxucz0iaHR0cDovL3d3dy53My5vcmcvMjAwMC9zdmciPjwvc3ZnPg==\" style=\"--smush-placeholder-width: 1024px; --smush-placeholder-aspect-ratio: 1024\/417;\" \/><\/figure>\n\n\n\n<p class=\"wp-block-paragraph\"><strong>3. Angra do Hero\u00edsmo, Terceira, A\u00e7ores<\/strong><br>Na Ilha Terceira, no arquip\u00e9lago dos A\u00e7ores, em Portugal, Angra do Hero\u00edsmo \u00e9 um <strong>marco do patrim\u00f4nio atl\u00e2ntico<\/strong>.\u00a0Reconhecida pela UNESCO por seu tra\u00e7ado urbano renascentista preservado, a cidade foi um ponto estrat\u00e9gico das rotas mar\u00edtimas de explora\u00e7\u00e3o. As fachadas coloridas, igrejas e fortalezas conferem um charme singular, unindo tradi\u00e7\u00e3o portuguesa e horizontes oce\u00e2nicos.<\/p>\n\n\n\n<figure class=\"wp-block-image size-large\"><img decoding=\"async\" width=\"1024\" height=\"417\" data-src=\"https:\/\/voage.com.br\/site\/wp-content\/uploads\/2025\/10\/10euro26-4-1024x417.jpg\" alt=\"Vista de 3. Angra do Hero\u00edsmo, Terceira, A\u00e7ores, Portugal\" class=\"wp-image-2111 lazyload\" data-srcset=\"https:\/\/voage.com.br\/site\/wp-content\/uploads\/2025\/10\/10euro26-4-1024x417.jpg 1024w, https:\/\/voage.com.br\/site\/wp-content\/uploads\/2025\/10\/10euro26-4-300x122.jpg 300w, https:\/\/voage.com.br\/site\/wp-content\/uploads\/2025\/10\/10euro26-4-768x313.jpg 768w, https:\/\/voage.com.br\/site\/wp-content\/uploads\/2025\/10\/10euro26-4.jpg 1080w\" data-sizes=\"(max-width: 1024px) 100vw, 1024px\" src=\"data:image\/svg+xml;base64,PHN2ZyB3aWR0aD0iMSIgaGVpZ2h0PSIxIiB4bWxucz0iaHR0cDovL3d3dy53My5vcmcvMjAwMC9zdmciPjwvc3ZnPg==\" style=\"--smush-placeholder-width: 1024px; --smush-placeholder-aspect-ratio: 1024\/417;\" \/><\/figure>\n\n\n\n<p class=\"wp-block-paragraph\"><strong>4. Dubrovnik, Cro\u00e1cia<\/strong><br>Tamb\u00e9m chamada de <strong>P\u00e9rola do Adri\u00e1tico<\/strong>, Dubrovnik \u00e9 um dos destinos mais ic\u00f4nicos do Patrim\u00f4nio Mundial da UNESCO. As muralhas medievais, igrejas barrocas e ruas de pedra fazem dela um monumento vivo. Al\u00e9m da fama cinematogr\u00e1fica, Dubrovnik mant\u00e9m uma forte vida cultural, com festivais de m\u00fasica e a incr\u00edvel hospitalidade d\u00e1lmata.<\/p>\n\n\n\n<figure class=\"wp-block-image size-large\"><img decoding=\"async\" width=\"1024\" height=\"417\" data-src=\"https:\/\/voage.com.br\/site\/wp-content\/uploads\/2025\/10\/10euro26-5-1024x417.jpg\" alt=\"Vista de Dubrovnik, Dalm\u00e1cia, Cro\u00e1cia\" class=\"wp-image-2112 lazyload\" data-srcset=\"https:\/\/voage.com.br\/site\/wp-content\/uploads\/2025\/10\/10euro26-5-1024x417.jpg 1024w, https:\/\/voage.com.br\/site\/wp-content\/uploads\/2025\/10\/10euro26-5-300x122.jpg 300w, https:\/\/voage.com.br\/site\/wp-content\/uploads\/2025\/10\/10euro26-5-768x313.jpg 768w, https:\/\/voage.com.br\/site\/wp-content\/uploads\/2025\/10\/10euro26-5.jpg 1080w\" data-sizes=\"(max-width: 1024px) 100vw, 1024px\" src=\"data:image\/svg+xml;base64,PHN2ZyB3aWR0aD0iMSIgaGVpZ2h0PSIxIiB4bWxucz0iaHR0cDovL3d3dy53My5vcmcvMjAwMC9zdmciPjwvc3ZnPg==\" style=\"--smush-placeholder-width: 1024px; --smush-placeholder-aspect-ratio: 1024\/417;\" \/><\/figure>\n\n\n\n<p class=\"wp-block-paragraph\"><strong>5. Albi, Fran\u00e7a<\/strong><br>Situada \u00e0s margens do rio Tarn, a nordeste de Toulouse, a cidade \u00e9 patrim\u00f4nio da UNESCO e abriga a maior catedral de tijolos do mundo, de estilo g\u00f3tico, datada do s\u00e9culo 13. Tamb\u00e9m \u00e9 sede do <strong>Museu Toulouse-Lautrec<\/strong>, que homenageia o pintor, que nasceu ali. Com fachadas coloridas e intensa vida cultural, Albi \u00e9 um dos principais centros hist\u00f3ricos do sul franc\u00eas.<\/p>\n\n\n\n<figure class=\"wp-block-image size-large\"><img decoding=\"async\" width=\"1024\" height=\"417\" data-src=\"https:\/\/voage.com.br\/site\/wp-content\/uploads\/2025\/10\/10euro26-6-1024x417.jpg\" alt=\"Vista de Albi, Fran\u00e7a\" class=\"wp-image-2113 lazyload\" data-srcset=\"https:\/\/voage.com.br\/site\/wp-content\/uploads\/2025\/10\/10euro26-6-1024x417.jpg 1024w, https:\/\/voage.com.br\/site\/wp-content\/uploads\/2025\/10\/10euro26-6-300x122.jpg 300w, https:\/\/voage.com.br\/site\/wp-content\/uploads\/2025\/10\/10euro26-6-768x313.jpg 768w, https:\/\/voage.com.br\/site\/wp-content\/uploads\/2025\/10\/10euro26-6.jpg 1080w\" data-sizes=\"(max-width: 1024px) 100vw, 1024px\" src=\"data:image\/svg+xml;base64,PHN2ZyB3aWR0aD0iMSIgaGVpZ2h0PSIxIiB4bWxucz0iaHR0cDovL3d3dy53My5vcmcvMjAwMC9zdmciPjwvc3ZnPg==\" style=\"--smush-placeholder-width: 1024px; --smush-placeholder-aspect-ratio: 1024\/417;\" \/><\/figure>\n\n\n\n<p class=\"wp-block-paragraph\"><strong>6. Floren\u00e7a, It\u00e1lia<\/strong><br>Ber\u00e7o do Renascimento e <strong>capital da Toscana<\/strong>, \u00e9 uma cidade do Patrim\u00f4nio Mundial da UNESCO onde arte, hist\u00f3ria e cultura se encontram.\u00a0Do Duomo, com c\u00fapula de terracota projetada por Brunelleschi e o campan\u00e1rio de Giotto, \u00e0 Galleria dell\u2019Accademia, que abriga o <em>Davi<\/em> de Michelangelo, e \u00e0 Galeria Uffizi, onde est\u00e3o <em>O Nascimento de V\u00eanus<\/em> de Botticelli e a <em>Anuncia\u00e7\u00e3o<\/em> de Leonardo da Vinci, Floren\u00e7a \u00e9 parada obrigat\u00f3ria para quem aprecia arte.\u00a0Apesar do valor hist\u00f3rico, Floren\u00e7a \u00e9 uma cidade viva, com pra\u00e7as movimentadas, culin\u00e1ria toscana e eleg\u00e2ncia atemporal.<\/p>\n\n\n\n<figure class=\"wp-block-image size-large\"><img decoding=\"async\" width=\"1024\" height=\"417\" data-src=\"https:\/\/voage.com.br\/site\/wp-content\/uploads\/2025\/10\/10euro26-7-1024x417.jpg\" alt=\"Vista de Floren\u00e7a, Toscana, It\u00e1lia\" class=\"wp-image-2114 lazyload\" data-srcset=\"https:\/\/voage.com.br\/site\/wp-content\/uploads\/2025\/10\/10euro26-7-1024x417.jpg 1024w, https:\/\/voage.com.br\/site\/wp-content\/uploads\/2025\/10\/10euro26-7-300x122.jpg 300w, https:\/\/voage.com.br\/site\/wp-content\/uploads\/2025\/10\/10euro26-7-768x313.jpg 768w, https:\/\/voage.com.br\/site\/wp-content\/uploads\/2025\/10\/10euro26-7.jpg 1080w\" data-sizes=\"(max-width: 1024px) 100vw, 1024px\" src=\"data:image\/svg+xml;base64,PHN2ZyB3aWR0aD0iMSIgaGVpZ2h0PSIxIiB4bWxucz0iaHR0cDovL3d3dy53My5vcmcvMjAwMC9zdmciPjwvc3ZnPg==\" style=\"--smush-placeholder-width: 1024px; --smush-placeholder-aspect-ratio: 1024\/417;\" \/><\/figure>\n\n\n\n<p class=\"wp-block-paragraph\"><strong>7. \u010cesk\u00fd Krumlov, Tch\u00e9quia<\/strong><br>Localizada na regi\u00e3o da Bo\u00eamia do Sul, \u010cesk\u00fd Krumlov \u00e9 uma das cidades mais encantadoras da <strong>Europa Central<\/strong>.\u00a0Com um castelo do s\u00e9culo 13, um rio sinuoso e fachadas barrocas coloridas, a cidade \u00e9 reconhecida pela UNESCO e admirada por viajantes de todo o mundo. Com apenas 13 mil habitantes, preserva uma atmosfera que remete ao passado.<\/p>\n\n\n\n<figure class=\"wp-block-image size-large\"><img decoding=\"async\" width=\"1024\" height=\"417\" data-src=\"https:\/\/voage.com.br\/site\/wp-content\/uploads\/2025\/10\/10euro26-8-1024x417.jpg\" alt=\"Vista de \u010cesk\u00fd Krumlov, Tch\u00e9quia\" class=\"wp-image-2115 lazyload\" data-srcset=\"https:\/\/voage.com.br\/site\/wp-content\/uploads\/2025\/10\/10euro26-8-1024x417.jpg 1024w, https:\/\/voage.com.br\/site\/wp-content\/uploads\/2025\/10\/10euro26-8-300x122.jpg 300w, https:\/\/voage.com.br\/site\/wp-content\/uploads\/2025\/10\/10euro26-8-768x313.jpg 768w, https:\/\/voage.com.br\/site\/wp-content\/uploads\/2025\/10\/10euro26-8.jpg 1080w\" data-sizes=\"(max-width: 1024px) 100vw, 1024px\" src=\"data:image\/svg+xml;base64,PHN2ZyB3aWR0aD0iMSIgaGVpZ2h0PSIxIiB4bWxucz0iaHR0cDovL3d3dy53My5vcmcvMjAwMC9zdmciPjwvc3ZnPg==\" style=\"--smush-placeholder-width: 1024px; --smush-placeholder-aspect-ratio: 1024\/417;\" \/><\/figure>\n\n\n\n<p class=\"wp-block-paragraph\"><strong>8. San Gimignano, It\u00e1lia<\/strong><br>Conhecida como a <strong>Cidade das Belas Torres<\/strong>, San Gimignano, na Toscana, mant\u00e9m quase intacto seu horizonte medieval.\u00a0Situada a sudoeste de Floren\u00e7a e cercada por muralhas do s\u00e9culo 13, tem seu centro hist\u00f3rico na Piazza della Cisterna, pra\u00e7a triangular cercada por casas medievais. As torres, incluindo a famosa Torre Grossa, permanecem preservadas, conferindo identidade \u00fanica \u00e0 cidade.\u00a0Entre seus vinhos, ruas de paralelep\u00edpedos e arquitetura preservada, San Gimignano representa a Toscana em sua forma mais aut\u00eantica.<\/p>\n\n\n\n<figure class=\"wp-block-image size-large\"><img decoding=\"async\" width=\"1024\" height=\"417\" data-src=\"https:\/\/voage.com.br\/site\/wp-content\/uploads\/2025\/10\/10euro26-9-1024x417.jpg\" alt=\"Vista de San Gimignano, Toscana, It\u00e1lia\" class=\"wp-image-2116 lazyload\" data-srcset=\"https:\/\/voage.com.br\/site\/wp-content\/uploads\/2025\/10\/10euro26-9-1024x417.jpg 1024w, https:\/\/voage.com.br\/site\/wp-content\/uploads\/2025\/10\/10euro26-9-300x122.jpg 300w, https:\/\/voage.com.br\/site\/wp-content\/uploads\/2025\/10\/10euro26-9-768x313.jpg 768w, https:\/\/voage.com.br\/site\/wp-content\/uploads\/2025\/10\/10euro26-9.jpg 1080w\" data-sizes=\"(max-width: 1024px) 100vw, 1024px\" src=\"data:image\/svg+xml;base64,PHN2ZyB3aWR0aD0iMSIgaGVpZ2h0PSIxIiB4bWxucz0iaHR0cDovL3d3dy53My5vcmcvMjAwMC9zdmciPjwvc3ZnPg==\" style=\"--smush-placeholder-width: 1024px; --smush-placeholder-aspect-ratio: 1024\/417;\" \/><\/figure>\n\n\n\n<p class=\"wp-block-paragraph\"><strong>9. Zamo\u015b\u0107, Pol\u00f4nia<\/strong><br>Fundada no s\u00e9culo 16, Zamo\u015b\u0107 \u00e9 um raro exemplo de cidade renascentista planejada e integralmente preservada.\u00a0Projetada por um arquiteto italiano a pedido de Jan Zamoyski, chanceler da Pol\u00f4nia, que idealizou uma <em>cidade perfeita<\/em>, combina o charme da Europa Central com o estilo italiano, sendo conhecida como <strong>P\u00e1dua do Norte<\/strong>. As arcadas elegantes, fachadas ornamentadas e pra\u00e7a central movimentada fazem dela uma das cidades mais not\u00e1veis reconhecidas pela UNESCO como exemplo \u00fanico de cidade renascentista na Europa Central.<\/p>\n\n\n\n<figure class=\"wp-block-image size-large\"><img decoding=\"async\" width=\"1024\" height=\"417\" data-src=\"https:\/\/voage.com.br\/site\/wp-content\/uploads\/2025\/10\/10euro26-10-1024x417.jpg\" alt=\"Vista de Zamo\u015b\u0107, Pol\u00f4nia\" class=\"wp-image-2117 lazyload\" data-srcset=\"https:\/\/voage.com.br\/site\/wp-content\/uploads\/2025\/10\/10euro26-10-1024x417.jpg 1024w, https:\/\/voage.com.br\/site\/wp-content\/uploads\/2025\/10\/10euro26-10-300x122.jpg 300w, https:\/\/voage.com.br\/site\/wp-content\/uploads\/2025\/10\/10euro26-10-768x313.jpg 768w, https:\/\/voage.com.br\/site\/wp-content\/uploads\/2025\/10\/10euro26-10.jpg 1080w\" data-sizes=\"(max-width: 1024px) 100vw, 1024px\" src=\"data:image\/svg+xml;base64,PHN2ZyB3aWR0aD0iMSIgaGVpZ2h0PSIxIiB4bWxucz0iaHR0cDovL3d3dy53My5vcmcvMjAwMC9zdmciPjwvc3ZnPg==\" style=\"--smush-placeholder-width: 1024px; --smush-placeholder-aspect-ratio: 1024\/417;\" \/><\/figure>\n\n\n\n<p class=\"wp-block-paragraph\"><strong>10. Toledo, Espanha<\/strong><br>Localizada em uma colina acima do rio Tejo e das plan\u00edcies de Castilla-La Mancha, no centro da Espanha, Toledo \u00e9 conhecida como <strong>Cidade das Tr\u00eas Culturas<\/strong>, onde influ\u00eancias crist\u00e3s, mu\u00e7ulmanas e judaicas coexistem em um patrim\u00f4nio singular.\u00a0Antiga resid\u00eancia do pintor maneirista El Greco, Toledo abriga catedrais, sinagogas e muralhas que simbolizam sua profundidade cultural. Patrim\u00f4nio Mundial da UNESCO desde 1986, a cidade continua sendo um dos centros hist\u00f3ricos mais relevantes da Espanha e uma das dez cidades europeias de patrim\u00f4nio cultural imperd\u00edveis.<\/p>\n\n\n\n<figure class=\"wp-block-image size-large\"><img decoding=\"async\" width=\"1024\" height=\"417\" data-src=\"https:\/\/voage.com.br\/site\/wp-content\/uploads\/2025\/10\/10euro26-11-1024x417.jpg\" alt=\"Vista de Toledo, Espanha\" class=\"wp-image-2118 lazyload\" data-srcset=\"https:\/\/voage.com.br\/site\/wp-content\/uploads\/2025\/10\/10euro26-11-1024x417.jpg 1024w, https:\/\/voage.com.br\/site\/wp-content\/uploads\/2025\/10\/10euro26-11-300x122.jpg 300w, https:\/\/voage.com.br\/site\/wp-content\/uploads\/2025\/10\/10euro26-11-768x313.jpg 768w, https:\/\/voage.com.br\/site\/wp-content\/uploads\/2025\/10\/10euro26-11.jpg 1080w\" data-sizes=\"(max-width: 1024px) 100vw, 1024px\" src=\"data:image\/svg+xml;base64,PHN2ZyB3aWR0aD0iMSIgaGVpZ2h0PSIxIiB4bWxucz0iaHR0cDovL3d3dy53My5vcmcvMjAwMC9zdmciPjwvc3ZnPg==\" style=\"--smush-placeholder-width: 1024px; --smush-placeholder-aspect-ratio: 1024\/417;\" \/><\/figure>\n\n\n\n<p class=\"wp-block-paragraph\">Eu j\u00e1 cumpri metade da lista: Bruges, Dubrovnik, Floren\u00e7a, San Gimignano e Toledo. Quem sabe consigo cumprir a outra metade em 2026. Bora comigo?<\/p>\n\n\n\n<p class=\"has-small-font-size wp-block-paragraph\">Fonte: <a href=\"https:\/\/forbes.com.br\/forbeslife\/2025\/10\/as-10-cidades-europeias-mais-ricas-em-cultura-para-visitar-em-2026\/\" target=\"_blank\" rel=\"noreferrer noopener\">Forbes Brasil<\/a><\/p>\n\n\n\n<div class=\"wp-block-group\"><div class=\"wp-block-group__inner-container is-layout-constrained wp-block-group-is-layout-constrained\">\n<hr class=\"wp-block-separator has-text-color has-alpha-channel-opacity has-background\" style=\"background-color:#e3842b;color:#e3842b\"\/>\n\n\n\n<div style=\"height:50px\" aria-hidden=\"true\" class=\"wp-block-spacer\"><\/div>\n<\/div><\/div>\n","protected":false},"excerpt":{"rendered":"<p>Nossa V\u00e2nia Negoro me mandou hoje uma mat\u00e9ria da Forbes Brasil muito legal sobre as cidades europeias mais ricas em cultura para se visitar em 2026. Em um estudo abrangente de mais de 200 cidades historicamente aut\u00eanticas da Europa, de centros ic\u00f4nicos a joias escondidas, a organiza\u00e7\u00e3o European Best Destinations (EBD) divulgou sua lista das [&hellip;]<\/p>\n","protected":false},"author":2,"featured_media":2108,"comment_status":"open","ping_status":"open","sticky":false,"template":"","format":"standard","meta":{"_eb_attr":"","eb_css":"","footnotes":""},"categories":[13,254,21,40],"tags":[425,397,355,261,106,422,35,30,143,438,380,433,363],"class_list":["post-2098","post","type-post","status-publish","format-standard","has-post-thumbnail","hentry","category-dicas-de-viagem","category-descubra-o-mundo","category-destinos","category-destinos-top","tag-belgica","tag-croacia","tag-descubra-o-mundo","tag-destinos-top","tag-dicas-de-viagem","tag-eslovenia","tag-europa","tag-franca","tag-italia","tag-polonia","tag-portugal","tag-tchequia","tag-unesco"],"_links":{"self":[{"href":"https:\/\/voage.com.br\/site\/wp-json\/wp\/v2\/posts\/2098","targetHints":{"allow":["GET"]}}],"collection":[{"href":"https:\/\/voage.com.br\/site\/wp-json\/wp\/v2\/posts"}],"about":[{"href":"https:\/\/voage.com.br\/site\/wp-json\/wp\/v2\/types\/post"}],"author":[{"embeddable":true,"href":"https:\/\/voage.com.br\/site\/wp-json\/wp\/v2\/users\/2"}],"replies":[{"embeddable":true,"href":"https:\/\/voage.com.br\/site\/wp-json\/wp\/v2\/comments?post=2098"}],"version-history":[{"count":4,"href":"https:\/\/voage.com.br\/site\/wp-json\/wp\/v2\/posts\/2098\/revisions"}],"predecessor-version":[{"id":2119,"href":"https:\/\/voage.com.br\/site\/wp-json\/wp\/v2\/posts\/2098\/revisions\/2119"}],"wp:featuredmedia":[{"embeddable":true,"href":"https:\/\/voage.com.br\/site\/wp-json\/wp\/v2\/media\/2108"}],"wp:attachment":[{"href":"https:\/\/voage.com.br\/site\/wp-json\/wp\/v2\/media?parent=2098"}],"wp:term":[{"taxonomy":"category","embeddable":true,"href":"https:\/\/voage.com.br\/site\/wp-json\/wp\/v2\/categories?post=2098"},{"taxonomy":"post_tag","embeddable":true,"href":"https:\/\/voage.com.br\/site\/wp-json\/wp\/v2\/tags?post=2098"}],"curies":[{"name":"wp","href":"https:\/\/api.w.org\/{rel}","templated":true}]}}