{"id":2063,"date":"2025-09-24T10:01:00","date_gmt":"2025-09-24T13:01:00","guid":{"rendered":"https:\/\/voage.com.br\/site\/?p=2063"},"modified":"2025-09-23T14:36:11","modified_gmt":"2025-09-23T17:36:11","slug":"e-primavera","status":"publish","type":"post","link":"https:\/\/voage.com.br\/site\/2025\/09\/24\/e-primavera\/","title":{"rendered":"\u00c9 primavera!"},"content":{"rendered":"\n<p class=\"wp-block-paragraph\">A primavera chegou ao hemisf\u00e9rio sul trazendo dias mais longos, temperaturas amenas e uma explos\u00e3o de cores e aromas. \u00c9 a esta\u00e7\u00e3o em que a natureza se renova e convida a gente a sair de casa, aproveitar parques floridos, cidades vibrantes e paisagens cheias de vida. Viajar nessa \u00e9poca \u00e9 sempre uma boa ideia: n\u00e3o \u00e9 t\u00e3o quente quanto o ver\u00e3o, nem t\u00e3o frio quanto o inverno, e os cen\u00e1rios ficam ainda mais encantadores. Quer saber quais destinos ficam ainda mais especiais nessa \u00e9poca? Vem com a gente!<\/p>\n\n\n\n<p class=\"wp-block-paragraph\">A primavera deixa o Brasil ainda mais bonito! Do charme das cidades floridas \u00e0s cachoeiras cheias de vida, escolhemos alguns lugares que ficam incr\u00edveis nesta esta\u00e7\u00e3o. D\u00e1 uma olhada:<\/p>\n\n\n\n<div class=\"wp-block-columns is-layout-flex wp-container-core-columns-is-layout-8f761849 wp-block-columns-is-layout-flex\">\n<div class=\"wp-block-column is-layout-flow wp-block-column-is-layout-flow\">\n<figure class=\"wp-block-image size-full\"><img decoding=\"async\" width=\"630\" height=\"476\" data-src=\"https:\/\/voage.com.br\/site\/wp-content\/uploads\/2025\/09\/primavera02.png\" alt=\"Campos do Jord\u00e3o, S\u00e3o Paulo\" class=\"wp-image-2065 lazyload\" data-srcset=\"https:\/\/voage.com.br\/site\/wp-content\/uploads\/2025\/09\/primavera02.png 630w, https:\/\/voage.com.br\/site\/wp-content\/uploads\/2025\/09\/primavera02-300x227.png 300w\" data-sizes=\"(max-width: 630px) 100vw, 630px\" src=\"data:image\/svg+xml;base64,PHN2ZyB3aWR0aD0iMSIgaGVpZ2h0PSIxIiB4bWxucz0iaHR0cDovL3d3dy53My5vcmcvMjAwMC9zdmciPjwvc3ZnPg==\" style=\"--smush-placeholder-width: 630px; --smush-placeholder-aspect-ratio: 630\/476;\" \/><\/figure>\n\n\n\n<p class=\"wp-block-paragraph\"><strong>Campos do Jord\u00e3o, S\u00e3o Paulo: <\/strong>conhecida como a &#8220;Su\u00ed\u00e7a Brasileira&#8221;, oferece um clima agrad\u00e1vel na primavera, com jardins floridos e paisagens de montanha, ideais para trilhas no Horto Florestal e passeios pela Vila Capivari.<\/p>\n\n\n\n<hr class=\"wp-block-separator has-text-color has-alpha-channel-opacity has-background\" style=\"background-color:#e3842b;color:#e3842b\"\/>\n\n\n\n<figure class=\"wp-block-image size-full\"><img decoding=\"async\" width=\"630\" height=\"476\" data-src=\"https:\/\/voage.com.br\/site\/wp-content\/uploads\/2025\/09\/primavera04.png\" alt=\"Rosas\" class=\"wp-image-2067 lazyload\" data-srcset=\"https:\/\/voage.com.br\/site\/wp-content\/uploads\/2025\/09\/primavera04.png 630w, https:\/\/voage.com.br\/site\/wp-content\/uploads\/2025\/09\/primavera04-300x227.png 300w\" data-sizes=\"(max-width: 630px) 100vw, 630px\" src=\"data:image\/svg+xml;base64,PHN2ZyB3aWR0aD0iMSIgaGVpZ2h0PSIxIiB4bWxucz0iaHR0cDovL3d3dy53My5vcmcvMjAwMC9zdmciPjwvc3ZnPg==\" style=\"--smush-placeholder-width: 630px; --smush-placeholder-aspect-ratio: 630\/476;\" \/><\/figure>\n\n\n\n<p class=\"wp-block-paragraph\"><strong>Barbacena, Minas Gerais:<\/strong> a &#8220;Cidade das Rosas&#8221; celebra a primavera com a Festa das Rosas e das Flores em outubro, com destaque para o Jardim do Globo.\u00a0<\/p>\n\n\n\n<hr class=\"wp-block-separator has-text-color has-alpha-channel-opacity has-background\" style=\"background-color:#e3842b;color:#e3842b\"\/>\n\n\n\n<figure class=\"wp-block-image size-full\"><img decoding=\"async\" width=\"630\" height=\"476\" data-src=\"https:\/\/voage.com.br\/site\/wp-content\/uploads\/2025\/09\/primavera13.png\" alt=\"Vista de Itaipva, Petr\u00f3polis, Rio de Janeiro\" class=\"wp-image-2077 lazyload\" data-srcset=\"https:\/\/voage.com.br\/site\/wp-content\/uploads\/2025\/09\/primavera13.png 630w, https:\/\/voage.com.br\/site\/wp-content\/uploads\/2025\/09\/primavera13-300x227.png 300w\" data-sizes=\"(max-width: 630px) 100vw, 630px\" src=\"data:image\/svg+xml;base64,PHN2ZyB3aWR0aD0iMSIgaGVpZ2h0PSIxIiB4bWxucz0iaHR0cDovL3d3dy53My5vcmcvMjAwMC9zdmciPjwvc3ZnPg==\" style=\"--smush-placeholder-width: 630px; --smush-placeholder-aspect-ratio: 630\/476;\" \/><\/figure>\n\n\n\n<p class=\"wp-block-paragraph\"><strong>Petr\u00f3polis, Rio de Janeiro:<\/strong> a serra carioca com clima agrad\u00e1vel, jardins floridos e passeios culturais pela cidade imperial.<\/p>\n\n\n\n<hr class=\"wp-block-separator has-text-color has-alpha-channel-opacity has-background\" style=\"background-color:#e3842b;color:#e3842b\"\/>\n\n\n\n<figure class=\"wp-block-image size-full\"><img decoding=\"async\" width=\"630\" height=\"476\" data-src=\"https:\/\/voage.com.br\/site\/wp-content\/uploads\/2025\/09\/primavera08.png\" alt=\"Praia em B\u00fazios, Rio de Janeiro\" class=\"wp-image-2071 lazyload\" data-srcset=\"https:\/\/voage.com.br\/site\/wp-content\/uploads\/2025\/09\/primavera08.png 630w, https:\/\/voage.com.br\/site\/wp-content\/uploads\/2025\/09\/primavera08-300x227.png 300w\" data-sizes=\"(max-width: 630px) 100vw, 630px\" src=\"data:image\/svg+xml;base64,PHN2ZyB3aWR0aD0iMSIgaGVpZ2h0PSIxIiB4bWxucz0iaHR0cDovL3d3dy53My5vcmcvMjAwMC9zdmciPjwvc3ZnPg==\" style=\"--smush-placeholder-width: 630px; --smush-placeholder-aspect-ratio: 630\/476;\" \/><\/figure>\n\n\n\n<p class=\"wp-block-paragraph\"><strong>B\u00fazios, Rio de Janeiro:<\/strong> a pen\u00ednsula de B\u00fazios tem um clima agrad\u00e1vel nesta \u00e9poca, com praias mais tranquilas para explorar.\u00a0<\/p>\n\n\n\n<hr class=\"wp-block-separator has-text-color has-alpha-channel-opacity has-background\" style=\"background-color:#e3842b;color:#e3842b\"\/>\n\n\n\n<figure class=\"wp-block-image size-full\"><img decoding=\"async\" width=\"630\" height=\"476\" data-src=\"https:\/\/voage.com.br\/site\/wp-content\/uploads\/2025\/09\/primavera09.png\" alt=\"Arco de pedra no Parque Nacional da Serra da Capivara, Piau\u00ed\" class=\"wp-image-2073 lazyload\" data-srcset=\"https:\/\/voage.com.br\/site\/wp-content\/uploads\/2025\/09\/primavera09.png 630w, https:\/\/voage.com.br\/site\/wp-content\/uploads\/2025\/09\/primavera09-300x227.png 300w\" data-sizes=\"(max-width: 630px) 100vw, 630px\" src=\"data:image\/svg+xml;base64,PHN2ZyB3aWR0aD0iMSIgaGVpZ2h0PSIxIiB4bWxucz0iaHR0cDovL3d3dy53My5vcmcvMjAwMC9zdmciPjwvc3ZnPg==\" style=\"--smush-placeholder-width: 630px; --smush-placeholder-aspect-ratio: 630\/476;\" \/><\/figure>\n\n\n\n<p class=\"wp-block-paragraph\"><strong>Parque Nacional da Serra da Capivara, Piau\u00ed:<\/strong> a primavera \u00e9 uma \u00e9poca ideal para visitar a Serra da Capivara, que possui a maior concentra\u00e7\u00e3o de pinturas rupestres do mundo e paisagens grandiosas.<\/p>\n\n\n\n<hr class=\"wp-block-separator has-text-color has-alpha-channel-opacity has-background\" style=\"background-color:#e3842b;color:#e3842b\"\/>\n\n\n\n<figure class=\"wp-block-image size-full\"><img decoding=\"async\" width=\"630\" height=\"476\" data-src=\"https:\/\/voage.com.br\/site\/wp-content\/uploads\/2025\/09\/primavera11.png\" alt=\"Rua em Paraty, RIo de Janeiro\" class=\"wp-image-2075 lazyload\" data-srcset=\"https:\/\/voage.com.br\/site\/wp-content\/uploads\/2025\/09\/primavera11.png 630w, https:\/\/voage.com.br\/site\/wp-content\/uploads\/2025\/09\/primavera11-300x227.png 300w\" data-sizes=\"(max-width: 630px) 100vw, 630px\" src=\"data:image\/svg+xml;base64,PHN2ZyB3aWR0aD0iMSIgaGVpZ2h0PSIxIiB4bWxucz0iaHR0cDovL3d3dy53My5vcmcvMjAwMC9zdmciPjwvc3ZnPg==\" style=\"--smush-placeholder-width: 630px; --smush-placeholder-aspect-ratio: 630\/476;\" \/><\/figure>\n\n\n\n<p class=\"wp-block-paragraph\"><strong>Paraty, Rio de Janeiro:<\/strong> A cidade combina hist\u00f3ria, cultura e beleza natural, com casar\u00f5es coloniais, ruas de paralelep\u00edpedos e a possibilidade de fazer passeios de barco e conhecer cachoeiras.<\/p>\n\n\n\n<hr class=\"wp-block-separator has-text-color has-alpha-channel-opacity has-background\" style=\"background-color:#e3842b;color:#e3842b\"\/>\n<\/div>\n\n\n\n<div class=\"wp-block-column is-layout-flow wp-block-column-is-layout-flow\">\n<figure class=\"wp-block-image size-full\"><img decoding=\"async\" width=\"630\" height=\"476\" data-src=\"https:\/\/voage.com.br\/site\/wp-content\/uploads\/2025\/09\/primavera03.png\" alt=\"Igreja em Canela, Santa Catarina\" class=\"wp-image-2066 lazyload\" data-srcset=\"https:\/\/voage.com.br\/site\/wp-content\/uploads\/2025\/09\/primavera03.png 630w, https:\/\/voage.com.br\/site\/wp-content\/uploads\/2025\/09\/primavera03-300x227.png 300w\" data-sizes=\"(max-width: 630px) 100vw, 630px\" src=\"data:image\/svg+xml;base64,PHN2ZyB3aWR0aD0iMSIgaGVpZ2h0PSIxIiB4bWxucz0iaHR0cDovL3d3dy53My5vcmcvMjAwMC9zdmciPjwvc3ZnPg==\" style=\"--smush-placeholder-width: 630px; --smush-placeholder-aspect-ratio: 630\/476;\" \/><\/figure>\n\n\n\n<p class=\"wp-block-paragraph\"><strong>Gramado e Canela, Rio Grande do Sul:<\/strong> destinos europeus com paisagens encantadoras, onde a vegeta\u00e7\u00e3o ganha vida com as flores, como as hort\u00eansias, e o fluxo menor de turistas proporciona uma visita mais tranquila.\u00a0<\/p>\n\n\n\n<hr class=\"wp-block-separator has-text-color has-alpha-channel-opacity has-background\" style=\"background-color:#e3842b;color:#e3842b\"\/>\n\n\n\n<figure class=\"wp-block-image size-full\"><img decoding=\"async\" width=\"630\" height=\"476\" data-src=\"https:\/\/voage.com.br\/site\/wp-content\/uploads\/2025\/09\/primavera05.png\" alt=\"Janelas de casa em Holambra, S\u00e3o Paulo\" class=\"wp-image-2068 lazyload\" data-srcset=\"https:\/\/voage.com.br\/site\/wp-content\/uploads\/2025\/09\/primavera05.png 630w, https:\/\/voage.com.br\/site\/wp-content\/uploads\/2025\/09\/primavera05-300x227.png 300w\" data-sizes=\"(max-width: 630px) 100vw, 630px\" src=\"data:image\/svg+xml;base64,PHN2ZyB3aWR0aD0iMSIgaGVpZ2h0PSIxIiB4bWxucz0iaHR0cDovL3d3dy53My5vcmcvMjAwMC9zdmciPjwvc3ZnPg==\" style=\"--smush-placeholder-width: 630px; --smush-placeholder-aspect-ratio: 630\/476;\" \/><\/figure>\n\n\n\n<p class=\"wp-block-paragraph\"><strong>Holambra, S\u00e3o Paulo:<\/strong> conhecida como a \u201cCidade das Flores\u201d, ganha ainda mais charme na primavera, com seus campos floridos e atmosfera acolhedora.<\/p>\n\n\n\n<hr class=\"wp-block-separator has-text-color has-alpha-channel-opacity has-background\" style=\"background-color:#e3842b;color:#e3842b\"\/>\n\n\n\n<figure class=\"wp-block-image size-full\"><img decoding=\"async\" width=\"630\" height=\"476\" data-src=\"https:\/\/voage.com.br\/site\/wp-content\/uploads\/2025\/09\/primavera07.png\" alt=\"Praia em Jo\u00e3o Pessoa, Para\u00edba\" class=\"wp-image-2070 lazyload\" data-srcset=\"https:\/\/voage.com.br\/site\/wp-content\/uploads\/2025\/09\/primavera07.png 630w, https:\/\/voage.com.br\/site\/wp-content\/uploads\/2025\/09\/primavera07-300x227.png 300w\" data-sizes=\"(max-width: 630px) 100vw, 630px\" src=\"data:image\/svg+xml;base64,PHN2ZyB3aWR0aD0iMSIgaGVpZ2h0PSIxIiB4bWxucz0iaHR0cDovL3d3dy53My5vcmcvMjAwMC9zdmciPjwvc3ZnPg==\" style=\"--smush-placeholder-width: 630px; --smush-placeholder-aspect-ratio: 630\/476;\" \/><\/figure>\n\n\n\n<p class=\"wp-block-paragraph\"><strong>Jo\u00e3o Pessoa, Para\u00edba:<\/strong> considerada uma escolha certeira para a primavera, a capital paraibana oferece dias quentes, baixo \u00edndice de chuvas e a oportunidade de aproveitar os banhos de mar.\u00a0<\/p>\n\n\n\n<hr class=\"wp-block-separator has-text-color has-alpha-channel-opacity has-background\" style=\"background-color:#e3842b;color:#e3842b\"\/>\n\n\n\n<figure class=\"wp-block-image size-full\"><img decoding=\"async\" width=\"630\" height=\"476\" data-src=\"https:\/\/voage.com.br\/site\/wp-content\/uploads\/2025\/09\/primavera23.png\" alt=\"Vista das Cataratas do Igua\u00e7u, Foz do Igua\u00e7u, Paran\u00e1\" class=\"wp-image-2072 lazyload\" data-srcset=\"https:\/\/voage.com.br\/site\/wp-content\/uploads\/2025\/09\/primavera23.png 630w, https:\/\/voage.com.br\/site\/wp-content\/uploads\/2025\/09\/primavera23-300x227.png 300w\" data-sizes=\"(max-width: 630px) 100vw, 630px\" src=\"data:image\/svg+xml;base64,PHN2ZyB3aWR0aD0iMSIgaGVpZ2h0PSIxIiB4bWxucz0iaHR0cDovL3d3dy53My5vcmcvMjAwMC9zdmciPjwvc3ZnPg==\" style=\"--smush-placeholder-width: 630px; --smush-placeholder-aspect-ratio: 630\/476;\" \/><\/figure>\n\n\n\n<p class=\"wp-block-paragraph\"><strong>Foz do Igua\u00e7u, Paran\u00e1:<\/strong> as cataratas do Igua\u00e7u s\u00e3o uma atra\u00e7\u00e3o imperd\u00edvel o ano todo, e a primavera \u00e9 um bom per\u00edodo para visitar o Parque das Aves, com dias que podem ser tanto quentes quanto mais amenos.\u00a0<\/p>\n\n\n\n<hr class=\"wp-block-separator has-text-color has-alpha-channel-opacity has-background\" style=\"background-color:#e3842b;color:#e3842b\"\/>\n\n\n\n<figure class=\"wp-block-image size-full\"><img decoding=\"async\" width=\"630\" height=\"476\" data-src=\"https:\/\/voage.com.br\/site\/wp-content\/uploads\/2025\/09\/primavera10.png\" alt=\"Casa em Piren\u00f3polis, Goi\u00e1s\" class=\"wp-image-2074 lazyload\" data-srcset=\"https:\/\/voage.com.br\/site\/wp-content\/uploads\/2025\/09\/primavera10.png 630w, https:\/\/voage.com.br\/site\/wp-content\/uploads\/2025\/09\/primavera10-300x227.png 300w\" data-sizes=\"(max-width: 630px) 100vw, 630px\" src=\"data:image\/svg+xml;base64,PHN2ZyB3aWR0aD0iMSIgaGVpZ2h0PSIxIiB4bWxucz0iaHR0cDovL3d3dy53My5vcmcvMjAwMC9zdmciPjwvc3ZnPg==\" style=\"--smush-placeholder-width: 630px; --smush-placeholder-aspect-ratio: 630\/476;\" \/><\/figure>\n\n\n\n<p class=\"wp-block-paragraph\"><strong>Piren\u00f3polis, Goi\u00e1s:<\/strong> a cidade hist\u00f3rica oferece uma atmosfera tranquila, com ruas de pedra e a beleza das flores tropicais que embelezam a paisagem.\u00a0<\/p>\n\n\n\n<hr class=\"wp-block-separator has-text-color has-alpha-channel-opacity has-background\" style=\"background-color:#e3842b;color:#e3842b\"\/>\n\n\n\n<figure class=\"wp-block-image size-full\"><img decoding=\"async\" width=\"630\" height=\"476\" data-src=\"https:\/\/voage.com.br\/site\/wp-content\/uploads\/2025\/09\/primavera12.png\" alt=\"Cachoeira na Chapada dos Veadeiros, Goi\u00e1s\" class=\"wp-image-2076 lazyload\" data-srcset=\"https:\/\/voage.com.br\/site\/wp-content\/uploads\/2025\/09\/primavera12.png 630w, https:\/\/voage.com.br\/site\/wp-content\/uploads\/2025\/09\/primavera12-300x227.png 300w\" data-sizes=\"(max-width: 630px) 100vw, 630px\" src=\"data:image\/svg+xml;base64,PHN2ZyB3aWR0aD0iMSIgaGVpZ2h0PSIxIiB4bWxucz0iaHR0cDovL3d3dy53My5vcmcvMjAwMC9zdmciPjwvc3ZnPg==\" style=\"--smush-placeholder-width: 630px; --smush-placeholder-aspect-ratio: 630\/476;\" \/><\/figure>\n\n\n\n<p class=\"wp-block-paragraph\"><strong>Chapada dos Veadeiros, Goi\u00e1s:<\/strong> o verde se intensifica, as cachoeiras est\u00e3o cheias e as trilhas ficam ainda mais bonitas.<\/p>\n\n\n\n<hr class=\"wp-block-separator has-text-color has-alpha-channel-opacity has-background\" style=\"background-color:#e3842b;color:#e3842b\"\/>\n<\/div>\n<\/div>\n\n\n\n<p class=\"wp-block-paragraph\">E que tal se inspirar fora do Brasil? Buenos Aires roxa de jacarand\u00e1s, vinhedos chilenos em plena renova\u00e7\u00e3o, Cusco e o Vale Sagrado floridos&#8230; A primavera \u00e9 um convite para explorar a Am\u00e9rica Latina com novos olhos.<\/p>\n\n\n\n<div class=\"wp-block-columns is-layout-flex wp-container-core-columns-is-layout-8f761849 wp-block-columns-is-layout-flex\">\n<div class=\"wp-block-column is-layout-flow wp-block-column-is-layout-flow\">\n<figure class=\"wp-block-image size-full\"><img decoding=\"async\" width=\"630\" height=\"476\" data-src=\"https:\/\/voage.com.br\/site\/wp-content\/uploads\/2025\/09\/primavera14.png\" alt=\"Mulher em festa tradicional peruana em Cusco, Peru\" class=\"wp-image-2079 lazyload\" data-srcset=\"https:\/\/voage.com.br\/site\/wp-content\/uploads\/2025\/09\/primavera14.png 630w, https:\/\/voage.com.br\/site\/wp-content\/uploads\/2025\/09\/primavera14-300x227.png 300w\" data-sizes=\"(max-width: 630px) 100vw, 630px\" src=\"data:image\/svg+xml;base64,PHN2ZyB3aWR0aD0iMSIgaGVpZ2h0PSIxIiB4bWxucz0iaHR0cDovL3d3dy53My5vcmcvMjAwMC9zdmciPjwvc3ZnPg==\" style=\"--smush-placeholder-width: 630px; --smush-placeholder-aspect-ratio: 630\/476;\" \/><\/figure>\n\n\n\n<p class=\"wp-block-paragraph\"><strong>Cusco e Vale Sagrado, Peru:<\/strong> a primavera oferece um clima mais quente, menos chuva e dias mais longos para explorar o antigo s\u00edtio arqueol\u00f3gico inca de Machu Picchu, a Montanha Arco-\u00cdris e a Morada dos Deuses.<\/p>\n\n\n\n<hr class=\"wp-block-separator has-text-color has-alpha-channel-opacity has-background\" style=\"background-color:#e3842b;color:#e3842b\"\/>\n\n\n\n<figure class=\"wp-block-image size-full\"><img decoding=\"async\" width=\"630\" height=\"476\" data-src=\"https:\/\/voage.com.br\/site\/wp-content\/uploads\/2025\/09\/primavera16.png\" alt=\"Vista do Deserto de Atacama, Chile\" class=\"wp-image-2081 lazyload\" data-srcset=\"https:\/\/voage.com.br\/site\/wp-content\/uploads\/2025\/09\/primavera16.png 630w, https:\/\/voage.com.br\/site\/wp-content\/uploads\/2025\/09\/primavera16-300x227.png 300w\" data-sizes=\"(max-width: 630px) 100vw, 630px\" src=\"data:image\/svg+xml;base64,PHN2ZyB3aWR0aD0iMSIgaGVpZ2h0PSIxIiB4bWxucz0iaHR0cDovL3d3dy53My5vcmcvMjAwMC9zdmciPjwvc3ZnPg==\" style=\"--smush-placeholder-width: 630px; --smush-placeholder-aspect-ratio: 630\/476;\" \/><\/figure>\n\n\n\n<p class=\"wp-block-paragraph\"><strong>Deserto do Atacama, Chile:<\/strong> a esta\u00e7\u00e3o oferece um clima agrad\u00e1vel, c\u00e9u l\u00edmpido para observa\u00e7\u00e3o de estrelas e a beleza \u00e1rida do deserto, que \u00e9 considerado um para\u00edso para os amantes da natureza. Explore o Vale da Lua, os g\u00eaiseres, vales, lagoas coloridas e \u00e1guas termais.<\/p>\n\n\n\n<hr class=\"wp-block-separator has-text-color has-alpha-channel-opacity has-background\" style=\"background-color:#e3842b;color:#e3842b\"\/>\n\n\n\n<figure class=\"wp-block-image size-full\"><img decoding=\"async\" width=\"630\" height=\"476\" data-src=\"https:\/\/voage.com.br\/site\/wp-content\/uploads\/2025\/09\/primavera18.png\" alt=\"Arco de pedra em Salta, Argentina\" class=\"wp-image-2083 lazyload\" data-srcset=\"https:\/\/voage.com.br\/site\/wp-content\/uploads\/2025\/09\/primavera18.png 630w, https:\/\/voage.com.br\/site\/wp-content\/uploads\/2025\/09\/primavera18-300x227.png 300w\" data-sizes=\"(max-width: 630px) 100vw, 630px\" src=\"data:image\/svg+xml;base64,PHN2ZyB3aWR0aD0iMSIgaGVpZ2h0PSIxIiB4bWxucz0iaHR0cDovL3d3dy53My5vcmcvMjAwMC9zdmciPjwvc3ZnPg==\" style=\"--smush-placeholder-width: 630px; --smush-placeholder-aspect-ratio: 630\/476;\" \/><\/figure>\n\n\n\n<p class=\"wp-block-paragraph\"><strong>Salta e Jujuy, Argentina:<\/strong> no norte da Argentina, a regi\u00e3o tem paisagens des\u00e9rticas e clima agrad\u00e1vel na primavera.\u00a0Explore as quebradas, como a Garganta do Diabo e o deserto de sal Salinas Grandes.<\/p>\n\n\n\n<hr class=\"wp-block-separator has-text-color has-alpha-channel-opacity has-background\" style=\"background-color:#e3842b;color:#e3842b\"\/>\n\n\n\n<figure class=\"wp-block-image size-full\"><img decoding=\"async\" width=\"630\" height=\"476\" data-src=\"https:\/\/voage.com.br\/site\/wp-content\/uploads\/2025\/09\/primavera20.png\" alt=\"Vinhedo no Valle del Colchagua, Chile\" class=\"wp-image-2085 lazyload\" data-srcset=\"https:\/\/voage.com.br\/site\/wp-content\/uploads\/2025\/09\/primavera20.png 630w, https:\/\/voage.com.br\/site\/wp-content\/uploads\/2025\/09\/primavera20-300x227.png 300w\" data-sizes=\"(max-width: 630px) 100vw, 630px\" src=\"data:image\/svg+xml;base64,PHN2ZyB3aWR0aD0iMSIgaGVpZ2h0PSIxIiB4bWxucz0iaHR0cDovL3d3dy53My5vcmcvMjAwMC9zdmciPjwvc3ZnPg==\" style=\"--smush-placeholder-width: 630px; --smush-placeholder-aspect-ratio: 630\/476;\" \/><\/figure>\n\n\n\n<p class=\"wp-block-paragraph\"><strong>Valle del Colchagua, Chile:<\/strong> os vinhedos ganham vida antes da colheita, cen\u00e1rio incr\u00edvel para quem aprecia vinho e boa gastronomia.<\/p>\n\n\n\n<hr class=\"wp-block-separator has-text-color has-alpha-channel-opacity has-background\" style=\"background-color:#e3842b;color:#e3842b\"\/>\n<\/div>\n\n\n\n<div class=\"wp-block-column is-layout-flow wp-block-column-is-layout-flow\">\n<figure class=\"wp-block-image size-full\"><img decoding=\"async\" width=\"630\" height=\"476\" data-src=\"https:\/\/voage.com.br\/site\/wp-content\/uploads\/2025\/09\/primavera15.png\" alt=\"Vista do Salar de Uyuni, Bol\u00edvia\" class=\"wp-image-2080 lazyload\" data-srcset=\"https:\/\/voage.com.br\/site\/wp-content\/uploads\/2025\/09\/primavera15.png 630w, https:\/\/voage.com.br\/site\/wp-content\/uploads\/2025\/09\/primavera15-300x227.png 300w\" data-sizes=\"(max-width: 630px) 100vw, 630px\" src=\"data:image\/svg+xml;base64,PHN2ZyB3aWR0aD0iMSIgaGVpZ2h0PSIxIiB4bWxucz0iaHR0cDovL3d3dy53My5vcmcvMjAwMC9zdmciPjwvc3ZnPg==\" style=\"--smush-placeholder-width: 630px; --smush-placeholder-aspect-ratio: 630\/476;\" \/><\/figure>\n\n\n\n<p class=\"wp-block-paragraph\"><strong>Salar de Uyuni, Bol\u00edvia:<\/strong> as temperaturas s\u00e3o extremas, mas o deserto de sal forma padr\u00f5es geom\u00e9tricos na esta\u00e7\u00e3o seca, permitindo fotos incr\u00edveis e a explora\u00e7\u00e3o do maior deserto de sal do mundo. Visite o cemit\u00e9rio de trens, as ilhas de cactos e as lagoas coloridas repletas de flamingos.<\/p>\n\n\n\n<hr class=\"wp-block-separator has-text-color has-alpha-channel-opacity has-background\" style=\"background-color:#e3842b;color:#e3842b\"\/>\n\n\n\n<figure class=\"wp-block-image size-full\"><img decoding=\"async\" width=\"630\" height=\"476\" data-src=\"https:\/\/voage.com.br\/site\/wp-content\/uploads\/2025\/09\/primavera17.png\" alt=\"Vista de Medell\u00edn, Col\u00f4mbia\" class=\"wp-image-2082 lazyload\" data-srcset=\"https:\/\/voage.com.br\/site\/wp-content\/uploads\/2025\/09\/primavera17.png 630w, https:\/\/voage.com.br\/site\/wp-content\/uploads\/2025\/09\/primavera17-300x227.png 300w\" data-sizes=\"(max-width: 630px) 100vw, 630px\" src=\"data:image\/svg+xml;base64,PHN2ZyB3aWR0aD0iMSIgaGVpZ2h0PSIxIiB4bWxucz0iaHR0cDovL3d3dy53My5vcmcvMjAwMC9zdmciPjwvc3ZnPg==\" style=\"--smush-placeholder-width: 630px; --smush-placeholder-aspect-ratio: 630\/476;\" \/><\/figure>\n\n\n\n<p class=\"wp-block-paragraph\"><strong>Medell\u00edn, Col\u00f4mbia:<\/strong> a primavera \u00e9 uma \u00e9poca excelente para visitar Medell\u00edn devido ao clima agrad\u00e1vel, com temperaturas amenas e muitas \u00e1reas verdes. Explore as atra\u00e7\u00f5es culturais, o centro hist\u00f3rico bem preservado e a paisagem de montanhas.<\/p>\n\n\n\n<hr class=\"wp-block-separator has-text-color has-alpha-channel-opacity has-background\" style=\"background-color:#e3842b;color:#e3842b\"\/>\n\n\n\n<figure class=\"wp-block-image size-full\"><img decoding=\"async\" width=\"630\" height=\"476\" data-src=\"https:\/\/voage.com.br\/site\/wp-content\/uploads\/2025\/09\/primavera19.png\" alt=\"Jardim em Palermo, Buenos Aires, Argentina\" class=\"wp-image-2084 lazyload\" data-srcset=\"https:\/\/voage.com.br\/site\/wp-content\/uploads\/2025\/09\/primavera19.png 630w, https:\/\/voage.com.br\/site\/wp-content\/uploads\/2025\/09\/primavera19-300x227.png 300w\" data-sizes=\"(max-width: 630px) 100vw, 630px\" src=\"data:image\/svg+xml;base64,PHN2ZyB3aWR0aD0iMSIgaGVpZ2h0PSIxIiB4bWxucz0iaHR0cDovL3d3dy53My5vcmcvMjAwMC9zdmciPjwvc3ZnPg==\" style=\"--smush-placeholder-width: 630px; --smush-placeholder-aspect-ratio: 630\/476;\" \/><\/figure>\n\n\n\n<p class=\"wp-block-paragraph\"><strong>Buenos Aires, Argentina:<\/strong> os jacarand\u00e1s em flor deixam a cidade lil\u00e1s, perfeita para caminhadas em parques e avenidas arborizadas.<\/p>\n\n\n\n<hr class=\"wp-block-separator has-text-color has-alpha-channel-opacity has-background\" style=\"background-color:#e3842b;color:#e3842b\"\/>\n\n\n\n<figure class=\"wp-block-image size-full\"><img decoding=\"async\" width=\"630\" height=\"476\" data-src=\"https:\/\/voage.com.br\/site\/wp-content\/uploads\/2025\/09\/primavera21.png\" alt=\"Praia em Montevid\u00e9u, Uruguai\" class=\"wp-image-2086 lazyload\" data-srcset=\"https:\/\/voage.com.br\/site\/wp-content\/uploads\/2025\/09\/primavera21.png 630w, https:\/\/voage.com.br\/site\/wp-content\/uploads\/2025\/09\/primavera21-300x227.png 300w\" data-sizes=\"(max-width: 630px) 100vw, 630px\" src=\"data:image\/svg+xml;base64,PHN2ZyB3aWR0aD0iMSIgaGVpZ2h0PSIxIiB4bWxucz0iaHR0cDovL3d3dy53My5vcmcvMjAwMC9zdmciPjwvc3ZnPg==\" style=\"--smush-placeholder-width: 630px; --smush-placeholder-aspect-ratio: 630\/476;\" \/><\/figure>\n\n\n\n<p class=\"wp-block-paragraph\"><strong>Montevid\u00e9u, Uruguai:<\/strong> a rambla fica ainda mais convidativa, com clima perfeito para pedalar ou caminhar \u00e0 beira do Rio da Prata.<\/p>\n\n\n\n<hr class=\"wp-block-separator has-text-color has-alpha-channel-opacity has-background\" style=\"background-color:#e3842b;color:#e3842b\"\/>\n<\/div>\n<\/div>\n\n\n\n<p class=\"wp-block-paragraph\">A primavera \u00e9 a esta\u00e7\u00e3o perfeita para planejar viagens cheias de cor e energia. Seja no Brasil ou na Am\u00e9rica Latina, sempre h\u00e1 um destino esperando para florescer com voc\u00ea. \u00a0Qual desses destinos voc\u00ea colocaria no seu roteiro de primavera? Conta pra gente e venha escolher seu roteiro na <strong>Voage<\/strong>.<\/p>\n\n\n\n<div class=\"wp-block-group\"><div class=\"wp-block-group__inner-container is-layout-constrained wp-block-group-is-layout-constrained\">\n<hr class=\"wp-block-separator has-text-color has-alpha-channel-opacity has-background\" style=\"background-color:#e3842b;color:#e3842b\"\/>\n\n\n\n<div style=\"height:50px\" aria-hidden=\"true\" class=\"wp-block-spacer\"><\/div>\n<\/div><\/div>\n","protected":false},"excerpt":{"rendered":"<p>A primavera chegou ao hemisf\u00e9rio sul trazendo dias mais longos, temperaturas amenas e uma explos\u00e3o de cores e aromas. \u00c9 a esta\u00e7\u00e3o em que a natureza se renova e convida a gente a sair de casa, aproveitar parques floridos, cidades vibrantes e paisagens cheias de vida. Viajar nessa \u00e9poca \u00e9 sempre uma boa ideia: n\u00e3o [&hellip;]<\/p>\n","protected":false},"author":1,"featured_media":2064,"comment_status":"open","ping_status":"open","sticky":false,"template":"","format":"standard","meta":{"_eb_attr":"","eb_css":"","footnotes":""},"categories":[21,40,13,4],"tags":[109,414,262,261,281],"class_list":["post-2063","post","type-post","status-publish","format-standard","has-post-thumbnail","hentry","category-destinos","category-destinos-top","category-dicas-de-viagem","category-lazer","tag-america-do-sul","tag-america-latina","tag-brasil","tag-destinos-top","tag-primavera"],"_links":{"self":[{"href":"https:\/\/voage.com.br\/site\/wp-json\/wp\/v2\/posts\/2063","targetHints":{"allow":["GET"]}}],"collection":[{"href":"https:\/\/voage.com.br\/site\/wp-json\/wp\/v2\/posts"}],"about":[{"href":"https:\/\/voage.com.br\/site\/wp-json\/wp\/v2\/types\/post"}],"author":[{"embeddable":true,"href":"https:\/\/voage.com.br\/site\/wp-json\/wp\/v2\/users\/1"}],"replies":[{"embeddable":true,"href":"https:\/\/voage.com.br\/site\/wp-json\/wp\/v2\/comments?post=2063"}],"version-history":[{"count":6,"href":"https:\/\/voage.com.br\/site\/wp-json\/wp\/v2\/posts\/2063\/revisions"}],"predecessor-version":[{"id":2091,"href":"https:\/\/voage.com.br\/site\/wp-json\/wp\/v2\/posts\/2063\/revisions\/2091"}],"wp:featuredmedia":[{"embeddable":true,"href":"https:\/\/voage.com.br\/site\/wp-json\/wp\/v2\/media\/2064"}],"wp:attachment":[{"href":"https:\/\/voage.com.br\/site\/wp-json\/wp\/v2\/media?parent=2063"}],"wp:term":[{"taxonomy":"category","embeddable":true,"href":"https:\/\/voage.com.br\/site\/wp-json\/wp\/v2\/categories?post=2063"},{"taxonomy":"post_tag","embeddable":true,"href":"https:\/\/voage.com.br\/site\/wp-json\/wp\/v2\/tags?post=2063"}],"curies":[{"name":"wp","href":"https:\/\/api.w.org\/{rel}","templated":true}]}}