{"id":1985,"date":"2025-07-30T10:01:00","date_gmt":"2025-07-30T13:01:00","guid":{"rendered":"https:\/\/voage.com.br\/site\/?p=1985"},"modified":"2025-07-29T08:39:36","modified_gmt":"2025-07-29T11:39:36","slug":"nazare-paraiso-dos-surfistas-e-muito-mais","status":"publish","type":"post","link":"https:\/\/voage.com.br\/site\/2025\/07\/30\/nazare-paraiso-dos-surfistas-e-muito-mais\/","title":{"rendered":"Nazar\u00e9, para\u00edso dos surfistas e muito mais"},"content":{"rendered":"\n<p class=\"wp-block-paragraph\">Voc\u00ea j\u00e1 viu algum v\u00eddeo de uma onda assustadoramente alta? \u00c9 provavel que tenha sido feito em Nazar\u00e9, na costa de Portugal. A uma hora e meia de carro de Lisboa, a cidade \u00e9 conhecida pela <strong>Grande Onda<\/strong>, uma imponente parede de \u00e1gua que parece ter sa\u00eddo do filme <em>A Tempestade Perfeita, de 2000.<\/em><\/p>\n\n\n\n<p class=\"wp-block-paragraph\">Em 2024, o surfista alem\u00e3o <a href=\"https:\/\/www.instagram.com\/sebastiansurfs\/?hl=en\" target=\"_blank\" rel=\"noreferrer noopener\">Sebastian Steudtner<\/a> pegou ali uma onda de 29 metros de altura na <em>Praia do Norte<\/em>, o que pode ser a onda mais alta j\u00e1 surfada; o Guinness ainda n\u00e3o confirmou. Steudtner det\u00e9m o atual recorde mundial ao surfar uma onda de 26 metros de altura na mesma praia em 2020.<\/p>\n\n\n\n<figure class=\"wp-block-image size-large\"><img decoding=\"async\" width=\"1024\" height=\"417\" data-src=\"https:\/\/voage.com.br\/site\/wp-content\/uploads\/2025\/07\/nazare3-1024x417.png\" alt=\"Nazar\u00e9, Portugal\" class=\"wp-image-1987 lazyload\" data-srcset=\"https:\/\/voage.com.br\/site\/wp-content\/uploads\/2025\/07\/nazare3-1024x417.png 1024w, https:\/\/voage.com.br\/site\/wp-content\/uploads\/2025\/07\/nazare3-300x122.png 300w, https:\/\/voage.com.br\/site\/wp-content\/uploads\/2025\/07\/nazare3-768x313.png 768w, https:\/\/voage.com.br\/site\/wp-content\/uploads\/2025\/07\/nazare3.png 1080w\" data-sizes=\"(max-width: 1024px) 100vw, 1024px\" src=\"data:image\/svg+xml;base64,PHN2ZyB3aWR0aD0iMSIgaGVpZ2h0PSIxIiB4bWxucz0iaHR0cDovL3d3dy53My5vcmcvMjAwMC9zdmciPjwvc3ZnPg==\" style=\"--smush-placeholder-width: 1024px; --smush-placeholder-aspect-ratio: 1024\/417;\" \/><figcaption class=\"wp-element-caption\"><em>Nazar\u00e9, Portugal &#8211; Imagem VARSAV, Getty Images, Canva<\/em><\/figcaption><\/figure>\n\n\n\n<p class=\"wp-block-paragraph\">Essas ondas gigantescas podem at\u00e9 parecer anomalias, mas h\u00e1 uma raz\u00e3o cient\u00edfica para explic\u00e1-las. O C\u00e2nion da Nazar\u00e9, maior c\u00e2nion subaqu\u00e1tico da Europa, estende-se por aproximadamente 209 km a oeste de Portugal. Em seu ponto mais profundo atinge mais de 4.200 metros abaixo do n\u00edvel do mar. As ondas mudam de dire\u00e7\u00e3o \u00e0 medida que avan\u00e7am em diferentes profundidades e essa mudan\u00e7a abrupta entre o c\u00e2nion e a plataforma continental amplifica a onda, ajudando a criar as ondas gigantes. A dire\u00e7\u00e3o da corrente e as ondas convergentes, tamb\u00e9m desempenham um papel fundamental.<\/p>\n\n\n\n<p class=\"wp-block-paragraph\">A melhor \u00e9poca do ano para observar ou surfar uma das grandes ondas \u00e9 durante a temporada de &#8220;grandes ondas&#8221;, que vai de outubro a mar\u00e7o. Nesta \u00e9poca do ano h\u00e1 melhor chance de ver a ocorr\u00eancia natural, mas uma onda de 30 metros de altura nem sempre \u00e9 garantido.<\/p>\n\n\n\n<figure class=\"wp-block-image size-large\"><img decoding=\"async\" width=\"1024\" height=\"417\" data-src=\"https:\/\/voage.com.br\/site\/wp-content\/uploads\/2025\/07\/nazare6-1024x417.png\" alt=\"Nazar\u00e9, Portugal\" class=\"wp-image-1988 lazyload\" data-srcset=\"https:\/\/voage.com.br\/site\/wp-content\/uploads\/2025\/07\/nazare6-1024x417.png 1024w, https:\/\/voage.com.br\/site\/wp-content\/uploads\/2025\/07\/nazare6-300x122.png 300w, https:\/\/voage.com.br\/site\/wp-content\/uploads\/2025\/07\/nazare6-768x313.png 768w, https:\/\/voage.com.br\/site\/wp-content\/uploads\/2025\/07\/nazare6.png 1080w\" data-sizes=\"(max-width: 1024px) 100vw, 1024px\" src=\"data:image\/svg+xml;base64,PHN2ZyB3aWR0aD0iMSIgaGVpZ2h0PSIxIiB4bWxucz0iaHR0cDovL3d3dy53My5vcmcvMjAwMC9zdmciPjwvc3ZnPg==\" style=\"--smush-placeholder-width: 1024px; --smush-placeholder-aspect-ratio: 1024\/417;\" \/><figcaption class=\"wp-element-caption\"><em>Nazar\u00e9, Portugal &#8211; Imagem Baldo81, Getty Images, Canva<\/em><\/figcaption><\/figure>\n\n\n\n<p class=\"wp-block-paragraph\">Independentemente da \u00e9poca do ano em que voc\u00ea decidir ir a Nazar\u00e9, se poss\u00edvel, recomenda-se ficar algumas semanas, pois um per\u00edodo mais longo aumentar\u00e1 suas chances de ver as famosas ondas. Voc\u00ea tamb\u00e9m pode planejar sua viagem na \u00e9poca do <a href=\"https:\/\/www.redbull.com\/us-en\/events\/tudor-nazare-big-wave-challenge\" target=\"_blank\" rel=\"noreferrer noopener\">Tudor Nazar\u00e9 Big Wave Challenge<\/a>, que traz alguns dos surfistas mais talentosos, e corajosos, do mundo para o litoral de Portugal.<\/p>\n\n\n\n<p class=\"wp-block-paragraph\">O site <a href=\"https:\/\/nazarewaves.com\/en\/news\" target=\"_blank\" rel=\"noreferrer noopener\">Nazar\u00e9 Waves<\/a> detalha a previs\u00e3o di\u00e1ria e semanal indicando se as ondas s\u00e3o &#8220;m\u00e9dias&#8221;, &#8220;grandes&#8221; ou &#8220;gigantes&#8221;, e voc\u00ea pode conferir por meio de duas <a href=\"https:\/\/nazarewaves.com\/en\/webcams\" target=\"_blank\" rel=\"noreferrer noopener\">webcams ao vivo<\/a>. Quando estiver na cidade, busque as melhores vistas das ondas subindo at\u00e9 o <a href=\"https:\/\/www.nazareportugaltourism.com\/guide\/forte-de-sao-miguel-arcanjo.html\" target=\"_blank\" rel=\"noreferrer noopener\">Forte de S\u00e3o Miguel Arcanjo<\/a>, onde fica o Farol da Nazar\u00e9; ambos s\u00e3o excelentes mirantes. Voc\u00ea tamb\u00e9m pode se hospedar no n\u00edvel do mar na <em>Praia do Norte<\/em>, mas certifique-se de manter uma dist\u00e2ncia segura da \u00e1gua.<\/p>\n\n\n\n<figure class=\"wp-block-image size-large\"><img decoding=\"async\" width=\"1024\" height=\"417\" data-src=\"https:\/\/voage.com.br\/site\/wp-content\/uploads\/2025\/07\/nazare2-1024x417.png\" alt=\"Ondas gigantes em Nazar\u00e9, Portugal\" class=\"wp-image-1990 lazyload\" data-srcset=\"https:\/\/voage.com.br\/site\/wp-content\/uploads\/2025\/07\/nazare2-1024x417.png 1024w, https:\/\/voage.com.br\/site\/wp-content\/uploads\/2025\/07\/nazare2-300x122.png 300w, https:\/\/voage.com.br\/site\/wp-content\/uploads\/2025\/07\/nazare2-768x313.png 768w, https:\/\/voage.com.br\/site\/wp-content\/uploads\/2025\/07\/nazare2.png 1080w\" data-sizes=\"(max-width: 1024px) 100vw, 1024px\" src=\"data:image\/svg+xml;base64,PHN2ZyB3aWR0aD0iMSIgaGVpZ2h0PSIxIiB4bWxucz0iaHR0cDovL3d3dy53My5vcmcvMjAwMC9zdmciPjwvc3ZnPg==\" style=\"--smush-placeholder-width: 1024px; --smush-placeholder-aspect-ratio: 1024\/417;\" \/><figcaption class=\"wp-element-caption\"><em>Ondas gigantes em Nazar\u00e9, Portugal &#8211; Imagem Tiago Rocha, Getty Images, Portugal<\/em><\/figcaption><\/figure>\n\n\n\n<p class=\"wp-block-paragraph\">Mas Nazar\u00e9 vai muito al\u00e9m das ondas gigantes. A cidade \u00e9 uma vila de pescadores com muito charme e tradi\u00e7\u00e3o, que conserva aquele ar aut\u00eantico do litoral portugu\u00eas. O S\u00edtio da Nazar\u00e9, um dos pontos mais altos da cidade, oferece uma vista espetacular do mar e da Praia do Norte, palco das famosas ondas. \u00c9 l\u00e1 tamb\u00e9m que fica o Santu\u00e1rio de Nossa Senhora da Nazar\u00e9 e a Ermida da Mem\u00f3ria, locais ligados a uma antiga lenda e \u00e0 devo\u00e7\u00e3o religiosa que atrai peregrinos h\u00e1 s\u00e9culos. Para subir at\u00e9 o S\u00edtio, vale pegar o bondinho funicular, que \u00e9 um passeio em si.<\/p>\n\n\n\n<figure class=\"wp-block-image size-large\"><img decoding=\"async\" width=\"1024\" height=\"417\" data-src=\"https:\/\/voage.com.br\/site\/wp-content\/uploads\/2025\/07\/nazare4-1024x417.png\" alt=\"Nazar\u00e9, Portugal\" class=\"wp-image-1989 lazyload\" data-srcset=\"https:\/\/voage.com.br\/site\/wp-content\/uploads\/2025\/07\/nazare4-1024x417.png 1024w, https:\/\/voage.com.br\/site\/wp-content\/uploads\/2025\/07\/nazare4-300x122.png 300w, https:\/\/voage.com.br\/site\/wp-content\/uploads\/2025\/07\/nazare4-768x313.png 768w, https:\/\/voage.com.br\/site\/wp-content\/uploads\/2025\/07\/nazare4.png 1080w\" data-sizes=\"(max-width: 1024px) 100vw, 1024px\" src=\"data:image\/svg+xml;base64,PHN2ZyB3aWR0aD0iMSIgaGVpZ2h0PSIxIiB4bWxucz0iaHR0cDovL3d3dy53My5vcmcvMjAwMC9zdmciPjwvc3ZnPg==\" style=\"--smush-placeholder-width: 1024px; --smush-placeholder-aspect-ratio: 1024\/417;\" \/><figcaption class=\"wp-element-caption\"><em>Nazar\u00e9, Portugal &#8211; Imagem tupungato, Getty Images, Canva<\/em><\/figcaption><\/figure>\n\n\n\n<p class=\"wp-block-paragraph\">No centrinho da cidade, a Praia da Nazar\u00e9 tem um cal\u00e7ad\u00e3o cheio de restaurantes e barraquinhas t\u00edpicas, onde d\u00e1 pra provar pratos deliciosos com peixe fresco \u2014 o mais famoso \u00e9 o peixe seco, tradi\u00e7\u00e3o local que ainda pode ser vista nas redes estendidas na areia. Outra iguaria t\u00edpica \u00e9 a caldeirada de peixe, farta e cheia de sabor. E n\u00e3o d\u00e1 pra deixar de reparar nas senhoras nazarenas vestindo as tradicionais sete saias, um dos s\u00edmbolos culturais mais conhecidos da vila. Nazar\u00e9 \u00e9 uma mistura perfeita de natureza extrema, cultura viva e boa comida e mesmo sem ondas gigantes, \u00e9 um destino especial.<\/p>\n\n\n\n<figure class=\"wp-block-image size-large\"><img decoding=\"async\" width=\"1024\" height=\"417\" data-src=\"https:\/\/voage.com.br\/site\/wp-content\/uploads\/2025\/07\/nazare5-1024x417.png\" alt=\"Nazar\u00e9, Portugal\" class=\"wp-image-1991 lazyload\" data-srcset=\"https:\/\/voage.com.br\/site\/wp-content\/uploads\/2025\/07\/nazare5-1024x417.png 1024w, https:\/\/voage.com.br\/site\/wp-content\/uploads\/2025\/07\/nazare5-300x122.png 300w, https:\/\/voage.com.br\/site\/wp-content\/uploads\/2025\/07\/nazare5-768x313.png 768w, https:\/\/voage.com.br\/site\/wp-content\/uploads\/2025\/07\/nazare5.png 1080w\" data-sizes=\"(max-width: 1024px) 100vw, 1024px\" src=\"data:image\/svg+xml;base64,PHN2ZyB3aWR0aD0iMSIgaGVpZ2h0PSIxIiB4bWxucz0iaHR0cDovL3d3dy53My5vcmcvMjAwMC9zdmciPjwvc3ZnPg==\" style=\"--smush-placeholder-width: 1024px; --smush-placeholder-aspect-ratio: 1024\/417;\" \/><figcaption class=\"wp-element-caption\"><em>Nazar\u00e9, Portugal &#8211; Imagem tupungato, Getty Images, Canva<\/em><\/figcaption><\/figure>\n\n\n\n<p class=\"has-small-font-size wp-block-paragraph\"><em>Fonte: <a href=\"https:\/\/www.travelandleisure.com\/nazare-portugal-largest-surfing-waves-on-earth-11746544\" target=\"_blank\" rel=\"noreferrer noopener\">Travel + Leisure<\/a><\/em><\/p>\n\n\n\n<div class=\"wp-block-group\"><div class=\"wp-block-group__inner-container is-layout-constrained wp-block-group-is-layout-constrained\">\n<hr class=\"wp-block-separator has-text-color has-alpha-channel-opacity has-background\" style=\"background-color:#e3842b;color:#e3842b\"\/>\n\n\n\n<div style=\"height:50px\" aria-hidden=\"true\" class=\"wp-block-spacer\"><\/div>\n<\/div><\/div>\n","protected":false},"excerpt":{"rendered":"<p>Voc\u00ea j\u00e1 viu algum v\u00eddeo de uma onda assustadoramente alta? \u00c9 provavel que tenha sido feito em Nazar\u00e9, na costa de Portugal. A uma hora e meia de carro de Lisboa, a cidade \u00e9 conhecida pela Grande Onda, uma imponente parede de \u00e1gua que parece ter sa\u00eddo do filme A Tempestade Perfeita, de 2000. Em [&hellip;]<\/p>\n","protected":false},"author":1,"featured_media":1986,"comment_status":"open","ping_status":"open","sticky":false,"template":"","format":"standard","meta":{"_eb_attr":"","eb_css":"","footnotes":""},"categories":[13,254,21],"tags":[379,382,203,380,126,381,383],"class_list":["post-1985","post","type-post","status-publish","format-standard","has-post-thumbnail","hentry","category-dicas-de-viagem","category-descubra-o-mundo","category-destinos","tag-nazare","tag-ondas-gigantes","tag-paraiso","tag-portugal","tag-praia","tag-surf","tag-surfista"],"_links":{"self":[{"href":"https:\/\/voage.com.br\/site\/wp-json\/wp\/v2\/posts\/1985","targetHints":{"allow":["GET"]}}],"collection":[{"href":"https:\/\/voage.com.br\/site\/wp-json\/wp\/v2\/posts"}],"about":[{"href":"https:\/\/voage.com.br\/site\/wp-json\/wp\/v2\/types\/post"}],"author":[{"embeddable":true,"href":"https:\/\/voage.com.br\/site\/wp-json\/wp\/v2\/users\/1"}],"replies":[{"embeddable":true,"href":"https:\/\/voage.com.br\/site\/wp-json\/wp\/v2\/comments?post=1985"}],"version-history":[{"count":3,"href":"https:\/\/voage.com.br\/site\/wp-json\/wp\/v2\/posts\/1985\/revisions"}],"predecessor-version":[{"id":2005,"href":"https:\/\/voage.com.br\/site\/wp-json\/wp\/v2\/posts\/1985\/revisions\/2005"}],"wp:featuredmedia":[{"embeddable":true,"href":"https:\/\/voage.com.br\/site\/wp-json\/wp\/v2\/media\/1986"}],"wp:attachment":[{"href":"https:\/\/voage.com.br\/site\/wp-json\/wp\/v2\/media?parent=1985"}],"wp:term":[{"taxonomy":"category","embeddable":true,"href":"https:\/\/voage.com.br\/site\/wp-json\/wp\/v2\/categories?post=1985"},{"taxonomy":"post_tag","embeddable":true,"href":"https:\/\/voage.com.br\/site\/wp-json\/wp\/v2\/tags?post=1985"}],"curies":[{"name":"wp","href":"https:\/\/api.w.org\/{rel}","templated":true}]}}