{"id":1971,"date":"2025-07-16T10:01:00","date_gmt":"2025-07-16T13:01:00","guid":{"rendered":"https:\/\/voage.com.br\/site\/?p=1971"},"modified":"2025-07-14T11:57:02","modified_gmt":"2025-07-14T14:57:02","slug":"canion-do-peruacu-em-minas-gerais-e-reconhecido-como-patrimonio-mundial-natural-pela-unesco","status":"publish","type":"post","link":"https:\/\/voage.com.br\/site\/2025\/07\/16\/canion-do-peruacu-em-minas-gerais-e-reconhecido-como-patrimonio-mundial-natural-pela-unesco\/","title":{"rendered":"C\u00e2nion do Perua\u00e7u, em Minas Gerais, \u00e9 reconhecido como Patrim\u00f4nio Mundial Natural pela Unesco"},"content":{"rendered":"\n<p class=\"wp-block-paragraph\">Em decis\u00e3o anunciada durante a 47\u00aa reuni\u00e3o do Comit\u00ea do Patrim\u00f4nio Mundial, em Paris, Fran\u00e7a, o <strong>C\u00e2nion do Perua\u00e7u, no Parque Nacional Cavernas do Perua\u00e7u<\/strong>, em Minas Gerais, foi reconhecido como Patrim\u00f4nio Natural da Humanidade pela Organiza\u00e7\u00e3o das Na\u00e7\u00f5es Unidas para a Educa\u00e7\u00e3o, a Ci\u00eancia e a Cultura (Unesco) neste domingo (13\/7).\u00a0<\/p>\n\n\n\n<figure class=\"wp-block-image size-large\"><img decoding=\"async\" width=\"1024\" height=\"417\" data-src=\"https:\/\/voage.com.br\/site\/wp-content\/uploads\/2025\/07\/peruacu2-1024x417.png\" alt=\"Imagens das cavernas do c\u00e2nion do rio\u00a0Perua\u00e7u, Minas Gerais\" class=\"wp-image-1973 lazyload\" data-srcset=\"https:\/\/voage.com.br\/site\/wp-content\/uploads\/2025\/07\/peruacu2-1024x417.png 1024w, https:\/\/voage.com.br\/site\/wp-content\/uploads\/2025\/07\/peruacu2-300x122.png 300w, https:\/\/voage.com.br\/site\/wp-content\/uploads\/2025\/07\/peruacu2-768x313.png 768w, https:\/\/voage.com.br\/site\/wp-content\/uploads\/2025\/07\/peruacu2.png 1080w\" data-sizes=\"(max-width: 1024px) 100vw, 1024px\" src=\"data:image\/svg+xml;base64,PHN2ZyB3aWR0aD0iMSIgaGVpZ2h0PSIxIiB4bWxucz0iaHR0cDovL3d3dy53My5vcmcvMjAwMC9zdmciPjwvc3ZnPg==\" style=\"--smush-placeholder-width: 1024px; --smush-placeholder-aspect-ratio: 1024\/417;\" \/><figcaption class=\"wp-element-caption\"><em>Imagens das cavernas do c\u00e2nion do rio\u00a0Perua\u00e7u, Minas Gerais &#8211; Imagem <\/em><\/figcaption><\/figure>\n\n\n\n<p class=\"wp-block-paragraph\">Marina Silva, ministra do Meio Ambiente e Mudan\u00e7a do Clima, destacou que o resultado reflete os esfor\u00e7os conjuntos do governo federal, parlamentares, academia, sociedade civil e comunidade local, sobretudo o povo ind\u00edgena Xakriab\u00e1 que, com seus modos de vida e saberes tradicionais, protege historicamente a regi\u00e3o.<\/p>\n\n\n\n<p class=\"wp-block-paragraph\"><em>\u201cA inclus\u00e3o do C\u00e2nion do Perua\u00e7u na lista do Patrim\u00f4nio Mundial da Unesco representa uma conquista da conserva\u00e7\u00e3o e da valoriza\u00e7\u00e3o do nosso patrim\u00f4nio espeleol\u00f3gico. O s\u00edtio re\u00fane ecossistemas de diferentes biomas, um conjunto de cavernas de enorme import\u00e2ncia geol\u00f3gica, rica biodiversidade e arte rupestre pr\u00e9-hist\u00f3rica. \u00c9 um local que deve ser preservado para a presente e futuras gera\u00e7\u00f5es\u201d<\/em>, disse a ministra.<\/p>\n\n\n\n<p class=\"wp-block-paragraph\">Com 38.003 hectares de extens\u00e3o, o C\u00e2nion do Perua\u00e7u re\u00fane ecossistemas da Mata Atl\u00e2ntica, do Cerrado e da Caatinga. Abriga um complexo de cavernas, s\u00edtios arqueol\u00f3gicos milenares e uma rica biodiversidade.&nbsp;<\/p>\n\n\n\n<p class=\"wp-block-paragraph\">Um dos destaques \u00e9 a Gruta do Janel\u00e3o, cujas galerias ultrapassam 100 metros de altura e 60 de largura. No local, encontra-se tamb\u00e9m a Perna da Bailarina, a maior estalactite do mundo, com aproximadamente 28 metros de comprimento.&nbsp;<\/p>\n\n\n\n<figure class=\"wp-block-image size-large\"><img decoding=\"async\" width=\"1024\" height=\"417\" data-src=\"https:\/\/voage.com.br\/site\/wp-content\/uploads\/2025\/07\/peruacu3-1024x417.png\" alt=\"Explorando caverna gigante no Perua\u00e7u, Minas Gerais\" class=\"wp-image-1974 lazyload\" data-srcset=\"https:\/\/voage.com.br\/site\/wp-content\/uploads\/2025\/07\/peruacu3-1024x417.png 1024w, https:\/\/voage.com.br\/site\/wp-content\/uploads\/2025\/07\/peruacu3-300x122.png 300w, https:\/\/voage.com.br\/site\/wp-content\/uploads\/2025\/07\/peruacu3-768x313.png 768w, https:\/\/voage.com.br\/site\/wp-content\/uploads\/2025\/07\/peruacu3.png 1080w\" data-sizes=\"(max-width: 1024px) 100vw, 1024px\" src=\"data:image\/svg+xml;base64,PHN2ZyB3aWR0aD0iMSIgaGVpZ2h0PSIxIiB4bWxucz0iaHR0cDovL3d3dy53My5vcmcvMjAwMC9zdmciPjwvc3ZnPg==\" style=\"--smush-placeholder-width: 1024px; --smush-placeholder-aspect-ratio: 1024\/417;\" \/><figcaption class=\"wp-element-caption\">Explorando caverna gigante no Perua\u00e7u, Minas Gerais &#8211; Imagem Fabiano Silva, Getty Images, Canva<\/figcaption><\/figure>\n\n\n\n<p class=\"wp-block-paragraph\">O c\u00e2nion tamb\u00e9m abrange 114 s\u00edtios arqueol\u00f3gicos que registram ocupa\u00e7\u00f5es humanas com aproximadamente 12 mil anos, evidenciadas por pinturas rupestres excepcionalmente preservadas. A regi\u00e3o apresenta ainda mais de mil esp\u00e9cies de flora e 950 de fauna identificadas.<\/p>\n\n\n\n<p class=\"wp-block-paragraph\">O reconhecimento como patrim\u00f4nio da humanidade deve ser motivo de orgulho para todos os brasileiros e representa uma oportunidade concreta de promover o turismo sustent\u00e1vel e impulsionar o desenvolvimento em uma regi\u00e3o historicamente marcada por vulnerabilidades socioecon\u00f4micas.<\/p>\n\n\n\n<p class=\"wp-block-paragraph\">O t\u00edtulo de Patrim\u00f4nio Mundial \u00e9 dado a lugares cuja relev\u00e2ncia natural ou cultural, segundo a Unesco, ultrapassa fronteiras nacionais e tem import\u00e2ncia para toda a humanidade. A inclus\u00e3o coloca o Brasil como um dos principais detentores de s\u00edtios naturais de relev\u00e2ncia global. Com o C\u00e2nion do Perua\u00e7u, o Brasil passa a ter 25 t\u00edtulos de Patrim\u00f4nio Mundial: 15 culturais, nove naturais e um misto.<\/p>\n\n\n\n<p class=\"wp-block-paragraph\">O Parque Nacional Cavernas do Perua\u00e7u \u00e9 um local onde belas paisagens s\u00e3o emolduradas pela arte rupestre pr\u00e9-hist\u00f3rica, em s\u00edtios arqueol\u00f3gicos milenares de import\u00e2ncia internacional e suas cavernas de grandeza colossal. A Unidade de Conserva\u00e7\u00e3o foi criada em 1999, e possui uma \u00e1rea de 56.448 hectares, que compreende os munic\u00edpios de Janu\u00e1ria, Itacarambi e S\u00e3o Jo\u00e3o das Miss\u00f5es, na regi\u00e3o norte de Minas Gerais.<\/p>\n\n\n\n<figure class=\"wp-block-image size-large\"><img decoding=\"async\" width=\"1024\" height=\"417\" data-src=\"https:\/\/voage.com.br\/site\/wp-content\/uploads\/2025\/07\/peruacu4-1024x417.png\" alt=\"Cavernas do Perua\u00e7u, Minas Gerais\" class=\"wp-image-1975 lazyload\" data-srcset=\"https:\/\/voage.com.br\/site\/wp-content\/uploads\/2025\/07\/peruacu4-1024x417.png 1024w, https:\/\/voage.com.br\/site\/wp-content\/uploads\/2025\/07\/peruacu4-300x122.png 300w, https:\/\/voage.com.br\/site\/wp-content\/uploads\/2025\/07\/peruacu4-768x313.png 768w, https:\/\/voage.com.br\/site\/wp-content\/uploads\/2025\/07\/peruacu4.png 1080w\" data-sizes=\"(max-width: 1024px) 100vw, 1024px\" src=\"data:image\/svg+xml;base64,PHN2ZyB3aWR0aD0iMSIgaGVpZ2h0PSIxIiB4bWxucz0iaHR0cDovL3d3dy53My5vcmcvMjAwMC9zdmciPjwvc3ZnPg==\" style=\"--smush-placeholder-width: 1024px; --smush-placeholder-aspect-ratio: 1024\/417;\" \/><figcaption class=\"wp-element-caption\"><em>Cavernas do Perua\u00e7u, MInas Gerais &#8211; Imagem Anna Carolina Negri, Getty Images, Canva<\/em><\/figcaption><\/figure>\n\n\n\n<p class=\"wp-block-paragraph\">O Parque oferece diversas op\u00e7\u00f5es aos visitantes e est\u00e1 em constante evolu\u00e7\u00e3o. Para conhecer todas elas, \u00e9 necess\u00e1rio no m\u00ednimo 4 dias de visita. Escolha de acordo com o seu interesse e seu condicionamento f\u00edsico. O Parque \u00e9 muito bem estruturado e conta com trilhas, mirantes e passarelas de prote\u00e7\u00e3o a s\u00edtios arqueol\u00f3gicos. Conta ainda com condutores ambientais treinados e credenciados pelo ICMBio para garantir uma experi\u00eancia segura e \u00fanica, num passeio de tirar o f\u00f4lego. Todas as visitas s\u00e3o com condu\u00e7\u00e3o obrigat\u00f3ria.<\/p>\n\n\n\n<p class=\"wp-block-paragraph\">Se voc\u00ea quer saber mais sobre o local, d\u00e1 uma olhadinha nessas mat\u00e9rias: <a href=\"https:\/\/www.itatiaia.com.br\/cidades\/orgulho-de-mg-no-sertao-dos-gerais-canion-do-vale-do-peruacu-pode-se-tornar-o-1-patrimonio-natural-da-humanidade-da-unesco-do-estado\" target=\"_blank\" rel=\"noreferrer noopener\">Orgulho de Minas no Sert\u00e3o dos Gerais: C\u00e2nion do Vale do Perua\u00e7u pode se tornar o 1\u00ba Patrim\u00f4nio Natural da Humanidade da Unesco do estado<\/a>, <a href=\"https:\/\/www.terra.com.br\/planeta\/meio-ambiente\/unesco-reconhece-canion-do-rio-peruacu-como-patrimonio-mundial,a15732e979a66f0bcc70da5ae0e9812abvmblrcs.html\" target=\"_blank\" rel=\"noreferrer noopener\">Unesco reconhece C\u00e2nion do Rio Perua\u00e7u como Patrim\u00f4nio Mundial<\/a><\/p>\n\n\n\n<p class=\"wp-block-paragraph\">Bora explorar as belezas e profundezas do Perua\u00e7u? Vem conversar com a gente.<\/p>\n\n\n\n<p class=\"has-small-font-size wp-block-paragraph\"><em>Fontes: <a href=\"https:\/\/www.gov.br\/mma\/pt-br\/noticias\/canion-do-peruacu-em-minas-gerais-e-reconhecido-como-patrimonio-mundial-natural-pela-unesco\" target=\"_blank\" rel=\"noreferrer noopener\">Minist\u00e9rio do Meio Ambiente e Mudan\u00e7a do Clima<\/a>, <a href=\"https:\/\/www.januaria.mg.gov.br\/portal\/turismo\/0\/9\/2519\/parque-nacional-cavernas-do-peruacu\" target=\"_blank\" rel=\"noopener\">Prefeitura de Janu\u00e1ria<\/a><\/em><\/p>\n\n\n\n<div class=\"wp-block-group\"><div class=\"wp-block-group__inner-container is-layout-constrained wp-block-group-is-layout-constrained\">\n<hr class=\"wp-block-separator has-text-color has-alpha-channel-opacity has-background\" style=\"background-color:#e3842b;color:#e3842b\"\/>\n\n\n\n<div style=\"height:50px\" aria-hidden=\"true\" class=\"wp-block-spacer\"><\/div>\n<\/div><\/div>\n","protected":false},"excerpt":{"rendered":"<p>Em decis\u00e3o anunciada durante a 47\u00aa reuni\u00e3o do Comit\u00ea do Patrim\u00f4nio Mundial, em Paris, Fran\u00e7a, o C\u00e2nion do Perua\u00e7u, no Parque Nacional Cavernas do Perua\u00e7u, em Minas Gerais, foi reconhecido como Patrim\u00f4nio Natural da Humanidade pela Organiza\u00e7\u00e3o das Na\u00e7\u00f5es Unidas para a Educa\u00e7\u00e3o, a Ci\u00eancia e a Cultura (Unesco) neste domingo (13\/7).\u00a0 Marina Silva, ministra [&hellip;]<\/p>\n","protected":false},"author":1,"featured_media":1972,"comment_status":"open","ping_status":"open","sticky":false,"template":"","format":"standard","meta":{"_eb_attr":"","eb_css":"","footnotes":""},"categories":[13,253,21],"tags":[367,368,46,369,365,364,366,363],"class_list":["post-1971","post","type-post","status-publish","format-standard","has-post-thumbnail","hentry","category-dicas-de-viagem","category-descubra-o-brasil","category-destinos","tag-canion","tag-cavernas","tag-minas-gerais","tag-parque-nacional-cavernas-do-peruacu","tag-partrimonio-mundia-natural","tag-patrimonio","tag-peruacu","tag-unesco"],"_links":{"self":[{"href":"https:\/\/voage.com.br\/site\/wp-json\/wp\/v2\/posts\/1971","targetHints":{"allow":["GET"]}}],"collection":[{"href":"https:\/\/voage.com.br\/site\/wp-json\/wp\/v2\/posts"}],"about":[{"href":"https:\/\/voage.com.br\/site\/wp-json\/wp\/v2\/types\/post"}],"author":[{"embeddable":true,"href":"https:\/\/voage.com.br\/site\/wp-json\/wp\/v2\/users\/1"}],"replies":[{"embeddable":true,"href":"https:\/\/voage.com.br\/site\/wp-json\/wp\/v2\/comments?post=1971"}],"version-history":[{"count":2,"href":"https:\/\/voage.com.br\/site\/wp-json\/wp\/v2\/posts\/1971\/revisions"}],"predecessor-version":[{"id":1977,"href":"https:\/\/voage.com.br\/site\/wp-json\/wp\/v2\/posts\/1971\/revisions\/1977"}],"wp:featuredmedia":[{"embeddable":true,"href":"https:\/\/voage.com.br\/site\/wp-json\/wp\/v2\/media\/1972"}],"wp:attachment":[{"href":"https:\/\/voage.com.br\/site\/wp-json\/wp\/v2\/media?parent=1971"}],"wp:term":[{"taxonomy":"category","embeddable":true,"href":"https:\/\/voage.com.br\/site\/wp-json\/wp\/v2\/categories?post=1971"},{"taxonomy":"post_tag","embeddable":true,"href":"https:\/\/voage.com.br\/site\/wp-json\/wp\/v2\/tags?post=1971"}],"curies":[{"name":"wp","href":"https:\/\/api.w.org\/{rel}","templated":true}]}}