{"id":1845,"date":"2025-05-21T10:01:00","date_gmt":"2025-05-21T13:01:00","guid":{"rendered":"https:\/\/voage.com.br\/site\/?p=1845"},"modified":"2025-05-20T09:31:42","modified_gmt":"2025-05-20T12:31:42","slug":"cidades-historicas-de-minas-gerais","status":"publish","type":"post","link":"https:\/\/voage.com.br\/site\/2025\/05\/21\/cidades-historicas-de-minas-gerais\/","title":{"rendered":"Cidades Hist\u00f3ricas de Minas Gerais"},"content":{"rendered":"\n<p class=\"wp-block-paragraph\">As cidades hist\u00f3ricas de Minas Gerais s\u00e3o assim chamadas devido ao seu rico patrim\u00f4nio hist\u00f3rico e cultural, principalmente do per\u00edodo colonial e imperial do Brasil. S\u00e3o conhecidas por preservarem constru\u00e7\u00f5es e tradi\u00e7\u00f5es que remetem a uma \u00e9poca em que a regi\u00e3o era um importante centro de minera\u00e7\u00e3o de ouro e diamantes. Essas cidades fazem parte da chamada <strong>Estrada Real<\/strong>, um roteiro tur\u00edstico que segue antigas rotas usadas no per\u00edodo colonial para o transporte de ouro e diamantes.<\/p>\n\n\n\n<p class=\"wp-block-paragraph\">As cidades hist\u00f3ricas de Minas Gerais s\u00e3o um testemunho vivo da hist\u00f3ria do Brasil colonial, com igrejas barrocas, casar\u00f5es coloniais, ruas de pedra e monumentos hist\u00f3ricos, contribuindo hoje para o turismo e a educa\u00e7\u00e3o sobre a hist\u00f3ria do pa\u00eds. Por isso s\u00e3o Patrim\u00f4nio Hist\u00f3rico e Cultural.<\/p>\n\n\n\n<p class=\"wp-block-paragraph\">A explora\u00e7\u00e3o de ouro e diamantes impulsionou o desenvolvimento de muitas cidades na regi\u00e3o, que se tornaram importantes centros econ\u00f4micos e culturais. \u00c9 o chamado Ciclo do Ouro. A arquitetura barroca, com igrejas e edif\u00edcios religiosos, \u00e9 um dos principais atrativos das cidades hist\u00f3ricas, refletindo a influ\u00eancia da arte europeia no Brasil colonial. Al\u00e9m disso, algumas dessas cidades foram palco de eventos hist\u00f3ricos importantes, como a Inconfid\u00eancia Mineira, movimento pela independ\u00eancia do Brasil que teve como um dos seus l\u00edderes Tiradentes.&nbsp;<\/p>\n\n\n\n<p class=\"wp-block-paragraph\"><strong>Ouro Preto<\/strong><br>Patrim\u00f4nio Mundial da UNESCO, Ouro Preto \u00e9 um dos maiores s\u00edmbolos do barroco brasileiro. Suas igrejas ornamentadas, como a de S\u00e3o Francisco de Assis, e o <strong>Museu da Inconfid\u00eancia<\/strong> contam a hist\u00f3ria do Brasil colonial.<\/p>\n\n\n\n<figure class=\"wp-block-image size-large\"><img decoding=\"async\" width=\"1024\" height=\"417\" data-src=\"https:\/\/voage.com.br\/site\/wp-content\/uploads\/2025\/05\/ouropreto-brunocardosopexels-1024x417.jpg\" alt=\"Vista geral de Ouro Preto, MG\" class=\"wp-image-1847 lazyload\" data-srcset=\"https:\/\/voage.com.br\/site\/wp-content\/uploads\/2025\/05\/ouropreto-brunocardosopexels-1024x417.jpg 1024w, https:\/\/voage.com.br\/site\/wp-content\/uploads\/2025\/05\/ouropreto-brunocardosopexels-300x122.jpg 300w, https:\/\/voage.com.br\/site\/wp-content\/uploads\/2025\/05\/ouropreto-brunocardosopexels-768x313.jpg 768w, https:\/\/voage.com.br\/site\/wp-content\/uploads\/2025\/05\/ouropreto-brunocardosopexels.jpg 1105w\" data-sizes=\"(max-width: 1024px) 100vw, 1024px\" src=\"data:image\/svg+xml;base64,PHN2ZyB3aWR0aD0iMSIgaGVpZ2h0PSIxIiB4bWxucz0iaHR0cDovL3d3dy53My5vcmcvMjAwMC9zdmciPjwvc3ZnPg==\" style=\"--smush-placeholder-width: 1024px; --smush-placeholder-aspect-ratio: 1024\/417;\" \/><figcaption class=\"wp-element-caption\"><em>Vista geral de Ouro Preto, MG &#8211; Imagem Bruno Cardoso, Pexels<\/em><\/figcaption><\/figure>\n\n\n\n<p class=\"wp-block-paragraph\"><strong>Mariana<\/strong><br><strong>Primeira cidade<\/strong> de Minas Gerais, fundada em 1696. O centro hist\u00f3rico preserva casar\u00f5es coloniais e igrejas imponentes, como a Catedral da S\u00e9. Mariana tamb\u00e9m tem um charmoso passeio de trem at\u00e9 Ouro Preto.<\/p>\n\n\n\n<figure class=\"wp-block-image size-large\"><img decoding=\"async\" width=\"1024\" height=\"417\" data-src=\"https:\/\/voage.com.br\/site\/wp-content\/uploads\/2025\/05\/mariana-ilovepixelspexels-1024x417.jpg\" alt=\"Igreja S\u00e3o Francisco de Assis e Igreja Nossa Senhora do Carmo em Mariana MG\" class=\"wp-image-1848 lazyload\" data-srcset=\"https:\/\/voage.com.br\/site\/wp-content\/uploads\/2025\/05\/mariana-ilovepixelspexels-1024x417.jpg 1024w, https:\/\/voage.com.br\/site\/wp-content\/uploads\/2025\/05\/mariana-ilovepixelspexels-300x122.jpg 300w, https:\/\/voage.com.br\/site\/wp-content\/uploads\/2025\/05\/mariana-ilovepixelspexels-768x313.jpg 768w, https:\/\/voage.com.br\/site\/wp-content\/uploads\/2025\/05\/mariana-ilovepixelspexels.jpg 1105w\" data-sizes=\"(max-width: 1024px) 100vw, 1024px\" src=\"data:image\/svg+xml;base64,PHN2ZyB3aWR0aD0iMSIgaGVpZ2h0PSIxIiB4bWxucz0iaHR0cDovL3d3dy53My5vcmcvMjAwMC9zdmciPjwvc3ZnPg==\" style=\"--smush-placeholder-width: 1024px; --smush-placeholder-aspect-ratio: 1024\/417;\" \/><figcaption class=\"wp-element-caption\"><em>Igreja S\u00e3o Francisco de Assis e Igreja Nossa Senhora do Carmo em Mariana, MG &#8211; Imagem I Love Pixels, Pexels<\/em><\/figcaption><\/figure>\n\n\n\n<p class=\"wp-block-paragraph\"><strong>Congonhas do Campo<\/strong><br>Conhecida pelo Santu\u00e1rio do Bom Jesus de Matosinhos, que abriga as famosas esculturas dos <strong>profetas de Aleijadinho<\/strong>. A cidade tem forte tradi\u00e7\u00e3o religiosa e \u00e9 um dos principais destinos do turismo barroco.<\/p>\n\n\n\n<figure class=\"wp-block-image size-large\"><img decoding=\"async\" width=\"1024\" height=\"417\" data-src=\"https:\/\/voage.com.br\/site\/wp-content\/uploads\/2025\/05\/congonhas-wikimediacommons-shiftn-1024x417.jpg\" alt=\"Santu\u00e1rio de S\u00e3o Jos\u00e9 do Matosinho em Congonhas do Campo, MG\" class=\"wp-image-1849 lazyload\" data-srcset=\"https:\/\/voage.com.br\/site\/wp-content\/uploads\/2025\/05\/congonhas-wikimediacommons-shiftn-1024x417.jpg 1024w, https:\/\/voage.com.br\/site\/wp-content\/uploads\/2025\/05\/congonhas-wikimediacommons-shiftn-300x122.jpg 300w, https:\/\/voage.com.br\/site\/wp-content\/uploads\/2025\/05\/congonhas-wikimediacommons-shiftn-768x313.jpg 768w, https:\/\/voage.com.br\/site\/wp-content\/uploads\/2025\/05\/congonhas-wikimediacommons-shiftn.jpg 1105w\" data-sizes=\"(max-width: 1024px) 100vw, 1024px\" src=\"data:image\/svg+xml;base64,PHN2ZyB3aWR0aD0iMSIgaGVpZ2h0PSIxIiB4bWxucz0iaHR0cDovL3d3dy53My5vcmcvMjAwMC9zdmciPjwvc3ZnPg==\" style=\"--smush-placeholder-width: 1024px; --smush-placeholder-aspect-ratio: 1024\/417;\" \/><figcaption class=\"wp-element-caption\"><em>Santu\u00e1rio de S\u00e3o Jos\u00e9 do Matosinho em Congonhas do Campo, MG &#8211; Imagem ShiftN, Wikimedia Commons<\/em><\/figcaption><\/figure>\n\n\n\n<p class=\"wp-block-paragraph\"><strong>Tiradentes<\/strong><br>Pequena e encantadora, Tiradentes tem ruas de pedra, casar\u00f5es coloniais e uma gastronomia sofisticada. Seu centro hist\u00f3rico \u00e9 bem preservado, e a cidade recebe <strong>festivais culturais<\/strong> ao longo do ano.<\/p>\n\n\n\n<figure class=\"wp-block-image size-large\"><img decoding=\"async\" width=\"1024\" height=\"417\" data-src=\"https:\/\/voage.com.br\/site\/wp-content\/uploads\/2025\/05\/tiradentes-doouglasmapexels-1024x417.jpg\" alt=\"Rua de Tradentes, MG\" class=\"wp-image-1851 lazyload\" data-srcset=\"https:\/\/voage.com.br\/site\/wp-content\/uploads\/2025\/05\/tiradentes-doouglasmapexels-1024x417.jpg 1024w, https:\/\/voage.com.br\/site\/wp-content\/uploads\/2025\/05\/tiradentes-doouglasmapexels-300x122.jpg 300w, https:\/\/voage.com.br\/site\/wp-content\/uploads\/2025\/05\/tiradentes-doouglasmapexels-768x313.jpg 768w, https:\/\/voage.com.br\/site\/wp-content\/uploads\/2025\/05\/tiradentes-doouglasmapexels.jpg 1105w\" data-sizes=\"(max-width: 1024px) 100vw, 1024px\" src=\"data:image\/svg+xml;base64,PHN2ZyB3aWR0aD0iMSIgaGVpZ2h0PSIxIiB4bWxucz0iaHR0cDovL3d3dy53My5vcmcvMjAwMC9zdmciPjwvc3ZnPg==\" style=\"--smush-placeholder-width: 1024px; --smush-placeholder-aspect-ratio: 1024\/417;\" \/><figcaption class=\"wp-element-caption\"><em>Rua de Tradentes, MG &#8211; Imagem doouglasma, Pexels<\/em><\/figcaption><\/figure>\n\n\n\n<p class=\"wp-block-paragraph\"><strong>S\u00e3o Jo\u00e3o del-Rei<\/strong><br>Conhecida como a &#8220;cidade dos sinos&#8221;, S\u00e3o Jo\u00e3o del-Rei tem igrejas barrocas, casar\u00f5es hist\u00f3ricos e um <strong>vibrante centro cultural<\/strong>. O passeio de maria-fuma\u00e7a at\u00e9 Tiradentes \u00e9 uma das atra\u00e7\u00f5es mais famosas.<\/p>\n\n\n\n<figure class=\"wp-block-image size-large\"><img decoding=\"async\" width=\"1024\" height=\"417\" data-src=\"https:\/\/voage.com.br\/site\/wp-content\/uploads\/2025\/05\/sjdr-augustosilveirapexels-1024x417.jpg\" alt=\"Igreja de Nossa Senhora do Carmo em S\u00e3o Jo\u00e3o del-Rei, MG\" class=\"wp-image-1852 lazyload\" data-srcset=\"https:\/\/voage.com.br\/site\/wp-content\/uploads\/2025\/05\/sjdr-augustosilveirapexels-1024x417.jpg 1024w, https:\/\/voage.com.br\/site\/wp-content\/uploads\/2025\/05\/sjdr-augustosilveirapexels-300x122.jpg 300w, https:\/\/voage.com.br\/site\/wp-content\/uploads\/2025\/05\/sjdr-augustosilveirapexels-768x313.jpg 768w, https:\/\/voage.com.br\/site\/wp-content\/uploads\/2025\/05\/sjdr-augustosilveirapexels.jpg 1105w\" data-sizes=\"(max-width: 1024px) 100vw, 1024px\" src=\"data:image\/svg+xml;base64,PHN2ZyB3aWR0aD0iMSIgaGVpZ2h0PSIxIiB4bWxucz0iaHR0cDovL3d3dy53My5vcmcvMjAwMC9zdmciPjwvc3ZnPg==\" style=\"--smush-placeholder-width: 1024px; --smush-placeholder-aspect-ratio: 1024\/417;\" \/><figcaption class=\"wp-element-caption\"><em>Igreja de Nossa Senhora do Carmo em S\u00e3o Jo\u00e3o del-Rei, MG &#8211; Imagem Augusto Silveira, Pexels<\/em><\/figcaption><\/figure>\n\n\n\n<p class=\"wp-block-paragraph\"><strong>Diamantina<\/strong><br>Localizada na Serra do Espinha\u00e7o, Diamantina foi um importante centro de minera\u00e7\u00e3o de diamantes no s\u00e9culo 18. Seu centro hist\u00f3rico preserva casar\u00f5es coloniais e ruas de pedra, al\u00e9m de ser famosa pelas serestas e vesperatas. \u00c9 a cidade de nascimento de <strong>Juscelino Kubitschek<\/strong>, presidente do Brasil de 31 de janeiro de 1956 a 31 de janeiro de 1961.<\/p>\n\n\n\n<figure class=\"wp-block-image size-large\"><img decoding=\"async\" width=\"1024\" height=\"417\" data-src=\"https:\/\/voage.com.br\/site\/wp-content\/uploads\/2025\/05\/diamantin-magalimagalhespexels-1024x417.jpg\" alt=\"Casar\u00e3o em Diamantina, MG\" class=\"wp-image-1853 lazyload\" data-srcset=\"https:\/\/voage.com.br\/site\/wp-content\/uploads\/2025\/05\/diamantin-magalimagalhespexels-1024x417.jpg 1024w, https:\/\/voage.com.br\/site\/wp-content\/uploads\/2025\/05\/diamantin-magalimagalhespexels-300x122.jpg 300w, https:\/\/voage.com.br\/site\/wp-content\/uploads\/2025\/05\/diamantin-magalimagalhespexels-768x313.jpg 768w, https:\/\/voage.com.br\/site\/wp-content\/uploads\/2025\/05\/diamantin-magalimagalhespexels.jpg 1105w\" data-sizes=\"(max-width: 1024px) 100vw, 1024px\" src=\"data:image\/svg+xml;base64,PHN2ZyB3aWR0aD0iMSIgaGVpZ2h0PSIxIiB4bWxucz0iaHR0cDovL3d3dy53My5vcmcvMjAwMC9zdmciPjwvc3ZnPg==\" style=\"--smush-placeholder-width: 1024px; --smush-placeholder-aspect-ratio: 1024\/417;\" \/><figcaption class=\"wp-element-caption\"><em>Casar\u00e3o em Diamantina, MG &#8211; Imagem Magali Magalh\u00e3es, Pexels<\/em><\/figcaption><\/figure>\n\n\n\n<p class=\"wp-block-paragraph\"><strong>Sabar\u00e1<\/strong><br>Fundada em 1711, teve grande import\u00e2ncia durante o ciclo do ouro e preserva um rico patrim\u00f4nio colonial. Ruas de pedra e igrejas barrocas, como a <strong>Igreja de Nossa Senhora do \u00d3<\/strong>, encantam os visitantes. \u00c9 famosa por sua gastronomia, com destaque para o <strong>pastel de angu<\/strong> e os festivais de jabuticaba.&nbsp;<\/p>\n\n\n\n<figure class=\"wp-block-image size-large\"><img decoding=\"async\" width=\"1024\" height=\"417\" data-src=\"https:\/\/voage.com.br\/site\/wp-content\/uploads\/2025\/05\/sabara-malcolnphotopexels-1024x417.jpg\" alt=\"Vista de Sabar\u00e1, MG\" class=\"wp-image-1854 lazyload\" data-srcset=\"https:\/\/voage.com.br\/site\/wp-content\/uploads\/2025\/05\/sabara-malcolnphotopexels-1024x417.jpg 1024w, https:\/\/voage.com.br\/site\/wp-content\/uploads\/2025\/05\/sabara-malcolnphotopexels-300x122.jpg 300w, https:\/\/voage.com.br\/site\/wp-content\/uploads\/2025\/05\/sabara-malcolnphotopexels-768x313.jpg 768w, https:\/\/voage.com.br\/site\/wp-content\/uploads\/2025\/05\/sabara-malcolnphotopexels.jpg 1105w\" data-sizes=\"(max-width: 1024px) 100vw, 1024px\" src=\"data:image\/svg+xml;base64,PHN2ZyB3aWR0aD0iMSIgaGVpZ2h0PSIxIiB4bWxucz0iaHR0cDovL3d3dy53My5vcmcvMjAwMC9zdmciPjwvc3ZnPg==\" style=\"--smush-placeholder-width: 1024px; --smush-placeholder-aspect-ratio: 1024\/417;\" \/><figcaption class=\"wp-element-caption\"><em>Vista de Sabar\u00e1, MG &#8211; Imagem Malcoln Photo, Pexels<\/em><\/figcaption><\/figure>\n\n\n\n<p class=\"wp-block-paragraph\">Aproveite o pr\u00f3ximo feriado e v\u00e1 conhec\u00ea-las. Dependendo do tempo dispon\u00edvel, sugerimos roteiros de 3, 5 ou 7 dias. E o melhor, voc\u00ea pode fazer tudo com o seu carro. As cidades s\u00e3o pertinho umas das outras, s\u00f3 Diamantina que \u00e9 um pouco mais longe. Ent\u00e3o, voc\u00ea pode escolher Ouro Preto ou at\u00e9 mesmo Belo Horizonte como base e ir e voltar de cada uma, assim n\u00e3o precisa ficar mudando de hotel todo dia.<\/p>\n\n\n\n<p class=\"wp-block-paragraph\">Vem conversar com a gente, podemos preparar e personalizar seu roteiro a seu gosto.<\/p>\n\n\n\n<div class=\"wp-block-group\"><div class=\"wp-block-group__inner-container is-layout-constrained wp-block-group-is-layout-constrained\">\n<hr class=\"wp-block-separator has-text-color has-alpha-channel-opacity has-background\" style=\"background-color:#e3842b;color:#e3842b\"\/>\n\n\n\n<div style=\"height:50px\" aria-hidden=\"true\" class=\"wp-block-spacer\"><\/div>\n<\/div><\/div>\n","protected":false},"excerpt":{"rendered":"<p>As cidades hist\u00f3ricas de Minas Gerais s\u00e3o assim chamadas devido ao seu rico patrim\u00f4nio hist\u00f3rico e cultural, principalmente do per\u00edodo colonial e imperial do Brasil. S\u00e3o conhecidas por preservarem constru\u00e7\u00f5es e tradi\u00e7\u00f5es que remetem a uma \u00e9poca em que a regi\u00e3o era um importante centro de minera\u00e7\u00e3o de ouro e diamantes. Essas cidades fazem parte [&hellip;]<\/p>\n","protected":false},"author":1,"featured_media":1846,"comment_status":"open","ping_status":"open","sticky":false,"template":"","format":"standard","meta":{"_eb_attr":"","eb_css":"","footnotes":""},"categories":[13,21,40],"tags":[330,322,325,328,331,323,46,45,329,327,326],"class_list":["post-1845","post","type-post","status-publish","format-standard","has-post-thumbnail","hentry","category-dicas-de-viagem","category-destinos","category-destinos-top","tag-barroco","tag-cidades-historicas","tag-congonhas-do-campo","tag-diamantina","tag-feriado","tag-mariana","tag-minas-gerais","tag-ouro-preto","tag-sabara","tag-sao-joao-del-rei","tag-tiradentes"],"_links":{"self":[{"href":"https:\/\/voage.com.br\/site\/wp-json\/wp\/v2\/posts\/1845","targetHints":{"allow":["GET"]}}],"collection":[{"href":"https:\/\/voage.com.br\/site\/wp-json\/wp\/v2\/posts"}],"about":[{"href":"https:\/\/voage.com.br\/site\/wp-json\/wp\/v2\/types\/post"}],"author":[{"embeddable":true,"href":"https:\/\/voage.com.br\/site\/wp-json\/wp\/v2\/users\/1"}],"replies":[{"embeddable":true,"href":"https:\/\/voage.com.br\/site\/wp-json\/wp\/v2\/comments?post=1845"}],"version-history":[{"count":3,"href":"https:\/\/voage.com.br\/site\/wp-json\/wp\/v2\/posts\/1845\/revisions"}],"predecessor-version":[{"id":1856,"href":"https:\/\/voage.com.br\/site\/wp-json\/wp\/v2\/posts\/1845\/revisions\/1856"}],"wp:featuredmedia":[{"embeddable":true,"href":"https:\/\/voage.com.br\/site\/wp-json\/wp\/v2\/media\/1846"}],"wp:attachment":[{"href":"https:\/\/voage.com.br\/site\/wp-json\/wp\/v2\/media?parent=1845"}],"wp:term":[{"taxonomy":"category","embeddable":true,"href":"https:\/\/voage.com.br\/site\/wp-json\/wp\/v2\/categories?post=1845"},{"taxonomy":"post_tag","embeddable":true,"href":"https:\/\/voage.com.br\/site\/wp-json\/wp\/v2\/tags?post=1845"}],"curies":[{"name":"wp","href":"https:\/\/api.w.org\/{rel}","templated":true}]}}