{"id":1760,"date":"2025-03-19T10:01:00","date_gmt":"2025-03-19T13:01:00","guid":{"rendered":"https:\/\/voage.com.br\/site\/?p=1760"},"modified":"2025-03-10T10:35:24","modified_gmt":"2025-03-10T13:35:24","slug":"primavera-na-europa","status":"publish","type":"post","link":"https:\/\/voage.com.br\/site\/2025\/03\/19\/primavera-na-europa\/","title":{"rendered":"Primavera na Europa"},"content":{"rendered":"\n<p class=\"wp-block-paragraph\">A primavera est\u00e1 chegando na Europa, trazendo dias mais longos, paisagens floridas e novas oportunidades para explorar. Do agitado Dia do Rei em Amsterd\u00e3 ao Festival dos Jardins de Corfu, a primavera na Europa \u00e9 cheia de eventos inesquec\u00edveis.<\/p>\n\n\n\n<p class=\"wp-block-paragraph\">Essa \u00e9 a hora perfeita para planejar uma escapada, uma pausa cultural na cidade, um retiro pitoresco no Mediterr\u00e2neo ou uma aventura r\u00fastica em uma ilha tranquila. N\u00f3s poder\u00edamos fazer uma lista infind\u00e1vel de lugares incr\u00edveis, mas vamos sugerir alguns com tend\u00eancia de alta, segundo a Expedia e a Euronews, para curtir nesta primavera.<\/p>\n\n\n\n<p class=\"wp-block-paragraph\"><strong>A atmosfera de Amsterd\u00e3, Pa\u00edses Baixos<\/strong><br>Amsterd\u00e3 \u00e9 um destino cl\u00e1ssico de fim de semana, facilmente acess\u00edvel e movimentado o ano todo. Apesar dos moradores locais preferirem evitar multid\u00f5es de visitantes nos \u00faltimos anos, na primavera s\u00f5a mais acolhedores.<\/p>\n\n\n\n<p class=\"wp-block-paragraph\">Este ano a cidade comemora seu 750\u00ba anivers\u00e1rio com uma programa\u00e7\u00e3o de eventos ao longo do ano que leva \u00e0 data oficial em 27 de outubro. Antes disso, uma das maiores festas do ano acontece em 27 de abril: o Dia do Rei, uma celebra\u00e7\u00e3o realizada no anivers\u00e1rio do atual monarca, Willem-Alexander. Muita m\u00fasica, dan\u00e7a e atmosfera de carnaval enquanto as ruas se transformam em uma grande celebra\u00e7\u00e3o. Vista-se de laranja &#8211; a cor oficial da fam\u00edlia real, a Casa de Orange-Nassau &#8211; e junte-se \u00e0 festa ao longo das margens do IJ, ou passeie pelo Vrijmarkt, maior mercado de pulgas do pa\u00eds, onde os moradores montam barracas e vendem de tudo, de achados vintage a guloseimas caseiras. Explore a enorme variedade de obras de arte em exposi\u00e7\u00e3o no Rijksmuseum ou veja a maior cole\u00e7\u00e3o de obras de Van Gogh no Museu Van Gogh de mesmo nome.<\/p>\n\n\n\n<figure class=\"wp-block-image size-large\"><img decoding=\"async\" width=\"1024\" height=\"417\" data-src=\"https:\/\/voage.com.br\/site\/wp-content\/uploads\/2025\/03\/springamsterdam-1024x417.jpg\" alt=\"Vista de Amsterd\u00e3, Pa\u00edses Baixos, ao nascer do Sol\" class=\"wp-image-1762 lazyload\" data-srcset=\"https:\/\/voage.com.br\/site\/wp-content\/uploads\/2025\/03\/springamsterdam-1024x417.jpg 1024w, https:\/\/voage.com.br\/site\/wp-content\/uploads\/2025\/03\/springamsterdam-300x122.jpg 300w, https:\/\/voage.com.br\/site\/wp-content\/uploads\/2025\/03\/springamsterdam-768x313.jpg 768w, https:\/\/voage.com.br\/site\/wp-content\/uploads\/2025\/03\/springamsterdam.jpg 1080w\" data-sizes=\"(max-width: 1024px) 100vw, 1024px\" src=\"data:image\/svg+xml;base64,PHN2ZyB3aWR0aD0iMSIgaGVpZ2h0PSIxIiB4bWxucz0iaHR0cDovL3d3dy53My5vcmcvMjAwMC9zdmciPjwvc3ZnPg==\" style=\"--smush-placeholder-width: 1024px; --smush-placeholder-aspect-ratio: 1024\/417;\" \/><figcaption class=\"wp-element-caption\"><em>Amanhecer em Amsterd\u00e3, Pa\u00edses Baixos<\/em><\/figcaption><\/figure>\n\n\n\n<p class=\"wp-block-paragraph\"><strong>Bem-estar em Corfu, Gr\u00e9cia<\/strong><br>De acordo com o relat\u00f3rio de tend\u00eancias de viagens de primavera, o slow travel, viagens em r\u00edtmo lento, est\u00e1 em ascen\u00e7\u00e3o. S\u00e3o viagens calmas, de longa dura\u00e7\u00e3o, focadas no bem-estar. Por isso n\u00e3o \u00e9 surpresaque mais viajantes procurem por Corfu.<\/p>\n\n\n\n<p class=\"wp-block-paragraph\">Fazendo fronteira com a Alb\u00e2nia, esta tranquila ilha grega \u00e9 um para\u00edso para o slow travel. Al\u00e9m de relaxar nas praias de Paleokastritsa, os visitantes podem passear pela cidade velha e admirar a arquitetura veneziana em tons past\u00e9is, caminhar por trechos da Trilha de Corfu ou explorar charmosas vilas nas montanhas, como Doukades e Lakones.<\/p>\n\n\n\n<p class=\"wp-block-paragraph\">A primavera tamb\u00e9m traz uma animada temporada de festivais. No final de abril e in\u00edcio de maio, o Corfu Garden Festival convida os visitantes a visitar os jardins hist\u00f3ricos da propriedade, participar de workshops e descobrir por que Corfu \u00e9 chamada de &#8220;o jardim dos deuses&#8221;.<\/p>\n\n\n\n<figure class=\"wp-block-image size-large\"><img decoding=\"async\" width=\"1024\" height=\"417\" data-src=\"https:\/\/voage.com.br\/site\/wp-content\/uploads\/2025\/03\/springcorfu-1024x417.jpg\" alt=\"Vista de uma rua em Corfu, Gr\u00e9cia\" class=\"wp-image-1763 lazyload\" data-srcset=\"https:\/\/voage.com.br\/site\/wp-content\/uploads\/2025\/03\/springcorfu-1024x417.jpg 1024w, https:\/\/voage.com.br\/site\/wp-content\/uploads\/2025\/03\/springcorfu-300x122.jpg 300w, https:\/\/voage.com.br\/site\/wp-content\/uploads\/2025\/03\/springcorfu-768x313.jpg 768w, https:\/\/voage.com.br\/site\/wp-content\/uploads\/2025\/03\/springcorfu.jpg 1080w\" data-sizes=\"(max-width: 1024px) 100vw, 1024px\" src=\"data:image\/svg+xml;base64,PHN2ZyB3aWR0aD0iMSIgaGVpZ2h0PSIxIiB4bWxucz0iaHR0cDovL3d3dy53My5vcmcvMjAwMC9zdmciPjwvc3ZnPg==\" style=\"--smush-placeholder-width: 1024px; --smush-placeholder-aspect-ratio: 1024\/417;\" \/><figcaption class=\"wp-element-caption\"><em>Ruas de Corfu, Gr\u00e9cia<\/em><\/figcaption><\/figure>\n\n\n\n<p class=\"wp-block-paragraph\"><strong>Plena flora\u00e7\u00e3o em Gotemburgo, Su\u00e9cia<\/strong><br>Com sua vibrante cena gastron\u00f4mica, artes e vida noturna pr\u00f3speras e passeios f\u00e1ceis de um dia, Gotemburgo, segunda cidade da Su\u00e9cia, \u00e9 perfeita para um fim de semana.<\/p>\n\n\n\n<p class=\"wp-block-paragraph\">Comece a manh\u00e3 em Haga, onde ruas de paralelep\u00edpedos s\u00e3o ladeadas por caf\u00e9s e boutiques aconchegantes, ou d\u00ea uma olhada nas lojas vintage em Magasinsgatan. Fa\u00e7a um passeio de barco para explorar as vilas de pescadores e penhascos de granito nas proximidades, depois mergulhe na cena de cerveja artesanal da cidade, j\u00e1 que Gotemburgo \u00e9 uma das capitais europeias para isso.<\/p>\n\n\n\n<p class=\"wp-block-paragraph\">Para os amantes de frutos do mar, Feskek\u00f6rka, o famoso mercado de peixes da cidade, \u00e9 uma visita obrigat\u00f3ria. E com a primavera em plena flora\u00e7\u00e3o, n\u00e3o h\u00e1 melhor momento para passear pelos caminhos verdejantes do Tr\u00e4dg\u00e5rdsf\u00f6reningen do s\u00e9culo 19 ou pelo extenso Jardim Bot\u00e2nico de Gotemburgo.<\/p>\n\n\n\n<figure class=\"wp-block-image size-large\"><img decoding=\"async\" width=\"1024\" height=\"417\" data-src=\"https:\/\/voage.com.br\/site\/wp-content\/uploads\/2025\/03\/springgothenburg-1024x417.jpg\" alt=\"Primavera em Gotemburgo, Su\u00e9cia. Flora\u00e7\u00e3o e Stora Teatern (Grande Teatro) ao fundo\" class=\"wp-image-1764 lazyload\" data-srcset=\"https:\/\/voage.com.br\/site\/wp-content\/uploads\/2025\/03\/springgothenburg-1024x417.jpg 1024w, https:\/\/voage.com.br\/site\/wp-content\/uploads\/2025\/03\/springgothenburg-300x122.jpg 300w, https:\/\/voage.com.br\/site\/wp-content\/uploads\/2025\/03\/springgothenburg-768x313.jpg 768w, https:\/\/voage.com.br\/site\/wp-content\/uploads\/2025\/03\/springgothenburg.jpg 1080w\" data-sizes=\"(max-width: 1024px) 100vw, 1024px\" src=\"data:image\/svg+xml;base64,PHN2ZyB3aWR0aD0iMSIgaGVpZ2h0PSIxIiB4bWxucz0iaHR0cDovL3d3dy53My5vcmcvMjAwMC9zdmciPjwvc3ZnPg==\" style=\"--smush-placeholder-width: 1024px; --smush-placeholder-aspect-ratio: 1024\/417;\" \/><figcaption class=\"wp-element-caption\"><em>Flora\u00e7\u00e3o e Stora Teatern (Grande Teatro) ao fundo em Gotemburgo, Su\u00e9cia<\/em><\/figcaption><\/figure>\n\n\n\n<p class=\"wp-block-paragraph\"><strong>A mais amena Malta<\/strong><br>A pequena Malta \u00e9 uma favorita o ano todo, mas a primavera oferece algumas das melhores condi\u00e7\u00f5es para explorar. Com mais de 300 dias ensolarados por ano e temperaturas m\u00e9dias de 20\u00b0C em abril, a esta\u00e7\u00e3o \u00e9 ideal para quem quer visitar antes que o calor do ver\u00e3o chegue.<\/p>\n\n\n\n<p class=\"wp-block-paragraph\">O calor escaldante do ver\u00e3o pode chegar a 40\u00b0C, mas o clima ameno da primavera faz dela a \u00e9poca perfeita para caminhadas, escaladas e ciclismo, ao mesmo tempo em que apreciamos o litoral acidentado e as ru\u00ednas antigas das ilhas. Menos multid\u00f5es tamb\u00e9m significa passear pelos locais hist\u00f3ricos da ilha em paz, incluindo os templos de 5.000 anos de Hagar Qim e Mnajdra, que se erguem dramaticamente acima do mar.<\/p>\n\n\n\n<figure class=\"wp-block-image size-large\"><img decoding=\"async\" width=\"1024\" height=\"417\" data-src=\"https:\/\/voage.com.br\/site\/wp-content\/uploads\/2025\/03\/springvalleta-1024x417.jpg\" alt=\"Vista de Valletta, Malta\" class=\"wp-image-1765 lazyload\" data-srcset=\"https:\/\/voage.com.br\/site\/wp-content\/uploads\/2025\/03\/springvalleta-1024x417.jpg 1024w, https:\/\/voage.com.br\/site\/wp-content\/uploads\/2025\/03\/springvalleta-300x122.jpg 300w, https:\/\/voage.com.br\/site\/wp-content\/uploads\/2025\/03\/springvalleta-768x313.jpg 768w, https:\/\/voage.com.br\/site\/wp-content\/uploads\/2025\/03\/springvalleta.jpg 1080w\" data-sizes=\"(max-width: 1024px) 100vw, 1024px\" src=\"data:image\/svg+xml;base64,PHN2ZyB3aWR0aD0iMSIgaGVpZ2h0PSIxIiB4bWxucz0iaHR0cDovL3d3dy53My5vcmcvMjAwMC9zdmciPjwvc3ZnPg==\" style=\"--smush-placeholder-width: 1024px; --smush-placeholder-aspect-ratio: 1024\/417;\" \/><figcaption class=\"wp-element-caption\"><em>Vista de Valletta, capital de Malta<\/em><\/figcaption><\/figure>\n\n\n\n<p class=\"wp-block-paragraph\"><strong>Trilhas costeiras da Sardenha, It\u00e1lia<\/strong><br>Olbia, o movimentado porto de passageiros da Sardenha, \u00e9 um dos destinos mais procurados para esta primavera. A ilha \u00e9 famosa pelas mais de 200 praias e \u00e1guas azuis intensas da Costa Smeralda, mas nos arredores de Olbia, a primavera traz temperaturas mais amenas. Mas h\u00e1 muito mais a fazer na segunda maior ilha da It\u00e1liado que tomar sol. Explore seu interior para algumas das melhores caminhadas da Europa.<\/p>\n\n\n\n<p class=\"wp-block-paragraph\">Uma das melhores trilhas da Sardenha leva a Cala Goloritz\u00e8, enseada deslumbrante na costa leste da ilha. A caminhada de sete quil\u00f4metros oferece vistas de tirar o f\u00f4lego antes de descer para a ba\u00eda pac\u00edfica e cristalina que, de outra forma, s\u00f3 \u00e9 acess\u00edvel por barco.<\/p>\n\n\n\n<p class=\"wp-block-paragraph\">Para quem quer um verdadeiro desafio, o Selvaggio Blu. Muitas vezes chamado de trekking mais dif\u00edcil da Europa, esta jornada de v\u00e1rios dias cobre cerca de 40 quil\u00f4metros da costa leste acidentada da Sardenha. Serpenteando por antigos caminhos de pastores de cabras ladeados por zimbros, oliveiras e figueiras, a trilha mostra a beleza dram\u00e1tica do Golfo de Orosei.<\/p>\n\n\n\n<figure class=\"wp-block-image size-large\"><img decoding=\"async\" width=\"1024\" height=\"417\" data-src=\"https:\/\/voage.com.br\/site\/wp-content\/uploads\/2025\/03\/springsardinia-1024x417.jpg\" alt=\"Enseada de Cala Goloritz\u00e8 na Sardenha, It\u00e1lia\" class=\"wp-image-1766 lazyload\" data-srcset=\"https:\/\/voage.com.br\/site\/wp-content\/uploads\/2025\/03\/springsardinia-1024x417.jpg 1024w, https:\/\/voage.com.br\/site\/wp-content\/uploads\/2025\/03\/springsardinia-300x122.jpg 300w, https:\/\/voage.com.br\/site\/wp-content\/uploads\/2025\/03\/springsardinia-768x313.jpg 768w, https:\/\/voage.com.br\/site\/wp-content\/uploads\/2025\/03\/springsardinia.jpg 1080w\" data-sizes=\"(max-width: 1024px) 100vw, 1024px\" src=\"data:image\/svg+xml;base64,PHN2ZyB3aWR0aD0iMSIgaGVpZ2h0PSIxIiB4bWxucz0iaHR0cDovL3d3dy53My5vcmcvMjAwMC9zdmciPjwvc3ZnPg==\" style=\"--smush-placeholder-width: 1024px; --smush-placeholder-aspect-ratio: 1024\/417;\" \/><figcaption class=\"wp-element-caption\"><em>Enseada de Cala Goloritz\u00e8 na Sardenha, It\u00e1lia<\/em><\/figcaption><\/figure>\n\n\n\n<p class=\"wp-block-paragraph\">Bora? Fale com a gente e descubra outros lugares incr\u00edveis para curtir a primavera europeia.<\/p>\n\n\n\n<p class=\"has-small-font-size wp-block-paragraph\"><em>Fonte: <a href=\"https:\/\/www.euronews.com\/travel\/2025\/03\/03\/festivals-island-sun-and-city-breaks-where-to-travel-in-europe-this-spring\" target=\"_blank\" rel=\"noreferrer noopener\">Euronews Travel<\/a> <\/em><\/p>\n\n\n\n<div class=\"wp-block-group\"><div class=\"wp-block-group__inner-container is-layout-constrained wp-block-group-is-layout-constrained\">\n<hr class=\"wp-block-separator has-text-color has-alpha-channel-opacity has-background\" style=\"background-color:#e3842b;color:#e3842b\"\/>\n\n\n\n<div style=\"height:50px\" aria-hidden=\"true\" class=\"wp-block-spacer\"><\/div>\n<\/div><\/div>\n","protected":false},"excerpt":{"rendered":"<p>A primavera est\u00e1 chegando na Europa, trazendo dias mais longos, paisagens floridas e novas oportunidades para explorar. Do agitado Dia do Rei em Amsterd\u00e3 ao Festival dos Jardins de Corfu, a primavera na Europa \u00e9 cheia de eventos inesquec\u00edveis. Essa \u00e9 a hora perfeita para planejar uma escapada, uma pausa cultural na cidade, um retiro [&hellip;]<\/p>\n","protected":false},"author":1,"featured_media":1761,"comment_status":"open","ping_status":"open","sticky":false,"template":"","format":"standard","meta":{"_eb_attr":"","eb_css":"","footnotes":""},"categories":[13,254,21,40],"tags":[148,282,35,283,288,143,284,286,281,285,289,290],"class_list":["post-1760","post","type-post","status-publish","format-standard","has-post-thumbnail","hentry","category-dicas-de-viagem","category-descubra-o-mundo","category-destinos","category-destinos-top","tag-amsterda","tag-corfu","tag-europa","tag-gotemburgo","tag-grecia","tag-italia","tag-malta","tag-paises-baixos","tag-primavera","tag-sardenha","tag-suecia","tag-valletta"],"_links":{"self":[{"href":"https:\/\/voage.com.br\/site\/wp-json\/wp\/v2\/posts\/1760","targetHints":{"allow":["GET"]}}],"collection":[{"href":"https:\/\/voage.com.br\/site\/wp-json\/wp\/v2\/posts"}],"about":[{"href":"https:\/\/voage.com.br\/site\/wp-json\/wp\/v2\/types\/post"}],"author":[{"embeddable":true,"href":"https:\/\/voage.com.br\/site\/wp-json\/wp\/v2\/users\/1"}],"replies":[{"embeddable":true,"href":"https:\/\/voage.com.br\/site\/wp-json\/wp\/v2\/comments?post=1760"}],"version-history":[{"count":4,"href":"https:\/\/voage.com.br\/site\/wp-json\/wp\/v2\/posts\/1760\/revisions"}],"predecessor-version":[{"id":1771,"href":"https:\/\/voage.com.br\/site\/wp-json\/wp\/v2\/posts\/1760\/revisions\/1771"}],"wp:featuredmedia":[{"embeddable":true,"href":"https:\/\/voage.com.br\/site\/wp-json\/wp\/v2\/media\/1761"}],"wp:attachment":[{"href":"https:\/\/voage.com.br\/site\/wp-json\/wp\/v2\/media?parent=1760"}],"wp:term":[{"taxonomy":"category","embeddable":true,"href":"https:\/\/voage.com.br\/site\/wp-json\/wp\/v2\/categories?post=1760"},{"taxonomy":"post_tag","embeddable":true,"href":"https:\/\/voage.com.br\/site\/wp-json\/wp\/v2\/tags?post=1760"}],"curies":[{"name":"wp","href":"https:\/\/api.w.org\/{rel}","templated":true}]}}