{"id":1600,"date":"2024-08-13T17:47:47","date_gmt":"2024-08-13T20:47:47","guid":{"rendered":"https:\/\/voage.com.br\/site\/?p=1600"},"modified":"2024-08-13T17:47:59","modified_gmt":"2024-08-13T20:47:59","slug":"civp-certificado-internacional-de-vacinacao","status":"publish","type":"post","link":"https:\/\/voage.com.br\/site\/2024\/08\/13\/civp-certificado-internacional-de-vacinacao\/","title":{"rendered":"CIVP &#8211; Certificado Internacional de Vacina\u00e7\u00e3o"},"content":{"rendered":"\n<p class=\"wp-block-paragraph\">Alguns pa\u00edses exigem que se comprove a vacina\u00e7\u00e3o da Febre Amarela para a entrada em seu territ\u00f3rio e o <strong>CIVP &#8211; Certificado Internacional de Vacina\u00e7\u00e3o ou Profilaxia<\/strong> \u00e9 o documento que a comprova. Em algumas situa\u00e7\u00f5es excepcionais pode ser solicitado o CIVP para Meningite (Peregrina\u00e7\u00e3o a Meca Hajj) e Poliomielite (estadia em pa\u00edses com transmiss\u00e3o da doen\u00e7a).<\/p>\n\n\n\n<figure class=\"wp-block-image size-full\"><img decoding=\"async\" width=\"1000\" height=\"208\" data-src=\"https:\/\/voage.com.br\/site\/wp-content\/uploads\/2024\/08\/vaccination-5755080_1920a.jpg\" alt=\"Vacina\u00e7\u00e3o\" class=\"wp-image-1603 lazyload\" data-srcset=\"https:\/\/voage.com.br\/site\/wp-content\/uploads\/2024\/08\/vaccination-5755080_1920a.jpg 1000w, https:\/\/voage.com.br\/site\/wp-content\/uploads\/2024\/08\/vaccination-5755080_1920a-300x62.jpg 300w, https:\/\/voage.com.br\/site\/wp-content\/uploads\/2024\/08\/vaccination-5755080_1920a-768x160.jpg 768w\" data-sizes=\"(max-width: 1000px) 100vw, 1000px\" src=\"data:image\/svg+xml;base64,PHN2ZyB3aWR0aD0iMSIgaGVpZ2h0PSIxIiB4bWxucz0iaHR0cDovL3d3dy53My5vcmcvMjAwMC9zdmciPjwvc3ZnPg==\" style=\"--smush-placeholder-width: 1000px; --smush-placeholder-aspect-ratio: 1000\/208;\" \/><\/figure>\n\n\n\n<p class=\"wp-block-paragraph\">A OMS (Organiza\u00e7\u00e3o Mundial da Sa\u00fade) atualiza regularmente em seu portal os pa\u00edses que exigem o documento. Consulte no <a href=\"https:\/\/www.gov.br\/anvisa\/pt-br\/assuntos\/paf\/certificado-internacional-de-vacinacao\/arquivos\/lista-simplificada-de-paises-que-exigem-o-civp-febre-amarela\/@@download\/file\" target=\"_blank\" rel=\"noreferrer noopener\">website da Anvisa<\/a> a lista simplificada de pa\u00edses que exigem o CIVP de Febre Amarela. Se seu voo tiver escala ou conex\u00e3o, confira todos os pa\u00edses por onde ir\u00e1 passar e a necessidade, ou n\u00e3o, do CIVP.<\/p>\n\n\n\n<p class=\"wp-block-paragraph\">A validade do CIVP de Febre Amarela inicia-se 10 dias ap\u00f3s a data de vacina\u00e7\u00e3o e se estende por toda a vida. Voc\u00ea s\u00f3 precisa emit\u00ed-lo uma vez. Se voc\u00ea tomou a vacina a partir de 30\/12\/2022, o CIVP est\u00e1 dispon\u00edvel no <a href=\"https:\/\/meususdigital.saude.gov.br\/\" target=\"_blank\" rel=\"noreferrer noopener\">MeuSUSDigital<\/a>.<\/p>\n\n\n\n<figure class=\"wp-block-image size-full\"><img decoding=\"async\" width=\"1000\" height=\"208\" data-src=\"https:\/\/voage.com.br\/site\/wp-content\/uploads\/2024\/08\/istock-502686281a.jpg\" alt=\"Vacina\u00e7\u00e3o\" class=\"wp-image-1604 lazyload\" data-srcset=\"https:\/\/voage.com.br\/site\/wp-content\/uploads\/2024\/08\/istock-502686281a.jpg 1000w, https:\/\/voage.com.br\/site\/wp-content\/uploads\/2024\/08\/istock-502686281a-300x62.jpg 300w, https:\/\/voage.com.br\/site\/wp-content\/uploads\/2024\/08\/istock-502686281a-768x160.jpg 768w\" data-sizes=\"(max-width: 1000px) 100vw, 1000px\" src=\"data:image\/svg+xml;base64,PHN2ZyB3aWR0aD0iMSIgaGVpZ2h0PSIxIiB4bWxucz0iaHR0cDovL3d3dy53My5vcmcvMjAwMC9zdmciPjwvc3ZnPg==\" style=\"--smush-placeholder-width: 1000px; --smush-placeholder-aspect-ratio: 1000\/208;\" \/><\/figure>\n\n\n\n<p class=\"wp-block-paragraph\">Lembre-se de que crian\u00e7as <strong>a partir de nove meses<\/strong> j\u00e1 precisam do CIVP e de que a vacina s\u00f3 passa a valer 10 dias ap\u00f3s a aplica\u00e7\u00e3o, portanto programe-se para evitar problemas. Al\u00e9m disso, para obt\u00ea-lo \u00e9 necess\u00e1rio tomar a <strong>dose integral<\/strong> da vacina em um posto de sa\u00fade do SUS ou em uma cl\u00ednica particular de vacina\u00e7\u00e3o. Guarde o comprovante, pois ele ser\u00e1 necess\u00e1rio para obter o certificado.<\/p>\n\n\n\n<p class=\"wp-block-paragraph\">Para obter o CIVP consulte se ele j\u00e1 est\u00e1 dispon\u00edvel no <a href=\"https:\/\/meususdigital.saude.gov.br\/\" target=\"_blank\" rel=\"noreferrer noopener\">MeuSUSDigital<\/a>. Caso n\u00e3o esteja, fa\u00e7a seu cadastro, preencha e envie o formul\u00e1rio de solicita\u00e7\u00e3o. Depois \u00e9 s\u00f3 consultar suas solicita\u00e7\u00f5es e quando estiver pronto, baixe e imprima o CIVP. Ele estar\u00e1 dispon\u00edvel sempre que precisar.<\/p>\n\n\n\n<figure class=\"wp-block-image size-full\"><img decoding=\"async\" width=\"1000\" height=\"895\" data-src=\"https:\/\/voage.com.br\/site\/wp-content\/uploads\/2024\/08\/civp.jpg\" alt=\"CIVP - Certificado Internacional de Vacina\u00e7\u00e3o ou Profilaxia\" class=\"wp-image-1606 lazyload\" data-srcset=\"https:\/\/voage.com.br\/site\/wp-content\/uploads\/2024\/08\/civp.jpg 1000w, https:\/\/voage.com.br\/site\/wp-content\/uploads\/2024\/08\/civp-300x269.jpg 300w, https:\/\/voage.com.br\/site\/wp-content\/uploads\/2024\/08\/civp-768x687.jpg 768w\" data-sizes=\"(max-width: 1000px) 100vw, 1000px\" src=\"data:image\/svg+xml;base64,PHN2ZyB3aWR0aD0iMSIgaGVpZ2h0PSIxIiB4bWxucz0iaHR0cDovL3d3dy53My5vcmcvMjAwMC9zdmciPjwvc3ZnPg==\" style=\"--smush-placeholder-width: 1000px; --smush-placeholder-aspect-ratio: 1000\/895;\" \/><\/figure>\n\n\n\n<p class=\"wp-block-paragraph\">\u00c9 importante verificar as exig\u00eancias de vacina\u00e7\u00e3o espec\u00edficas para o pa\u00eds que voc\u00ea deseja visitar. As autoridades de sa\u00fade do pa\u00eds de destino podem ter regulamentos espec\u00edficos sobre as vacinas obrigat\u00f3rias e os documentos necess\u00e1rios. A vacina\u00e7\u00e3o \u00e9 uma medida importante para proteger a sa\u00fade e evitar a propaga\u00e7\u00e3o de doen\u00e7as. Mesmo que n\u00e3o haja a exig\u00eancia de vacina\u00e7\u00e3o, aconselhamos que voc\u00ea mantenha a carteira de vacina\u00e7\u00e3o atualizada.<\/p>\n\n\n\n<div class=\"wp-block-group\"><div class=\"wp-block-group__inner-container is-layout-constrained wp-block-group-is-layout-constrained\">\n<hr class=\"wp-block-separator has-text-color has-alpha-channel-opacity has-background\" style=\"background-color:#e3842b;color:#e3842b\"\/>\n\n\n\n<div style=\"height:50px\" aria-hidden=\"true\" class=\"wp-block-spacer\"><\/div>\n<\/div><\/div>\n","protected":false},"excerpt":{"rendered":"<p>Alguns pa\u00edses exigem que se comprove a vacina\u00e7\u00e3o da Febre Amarela para a entrada em seu territ\u00f3rio e o CIVP &#8211; Certificado Internacional de Vacina\u00e7\u00e3o ou Profilaxia \u00e9 o documento que a comprova. Em algumas situa\u00e7\u00f5es excepcionais pode ser solicitado o CIVP para Meningite (Peregrina\u00e7\u00e3o a Meca Hajj) e Poliomielite (estadia em pa\u00edses com transmiss\u00e3o [&hellip;]<\/p>\n","protected":false},"author":1,"featured_media":1601,"comment_status":"open","ping_status":"open","sticky":false,"template":"","format":"standard","meta":{"_eb_attr":"","eb_css":"","footnotes":""},"categories":[13],"tags":[236,237,106,235,234],"class_list":["post-1600","post","type-post","status-publish","format-standard","has-post-thumbnail","hentry","category-dicas-de-viagem","tag-certificado-internacional-de-vacinacao","tag-civp","tag-dicas-de-viagem","tag-febre-amarela","tag-vacina"],"_links":{"self":[{"href":"https:\/\/voage.com.br\/site\/wp-json\/wp\/v2\/posts\/1600","targetHints":{"allow":["GET"]}}],"collection":[{"href":"https:\/\/voage.com.br\/site\/wp-json\/wp\/v2\/posts"}],"about":[{"href":"https:\/\/voage.com.br\/site\/wp-json\/wp\/v2\/types\/post"}],"author":[{"embeddable":true,"href":"https:\/\/voage.com.br\/site\/wp-json\/wp\/v2\/users\/1"}],"replies":[{"embeddable":true,"href":"https:\/\/voage.com.br\/site\/wp-json\/wp\/v2\/comments?post=1600"}],"version-history":[{"count":5,"href":"https:\/\/voage.com.br\/site\/wp-json\/wp\/v2\/posts\/1600\/revisions"}],"predecessor-version":[{"id":1609,"href":"https:\/\/voage.com.br\/site\/wp-json\/wp\/v2\/posts\/1600\/revisions\/1609"}],"wp:featuredmedia":[{"embeddable":true,"href":"https:\/\/voage.com.br\/site\/wp-json\/wp\/v2\/media\/1601"}],"wp:attachment":[{"href":"https:\/\/voage.com.br\/site\/wp-json\/wp\/v2\/media?parent=1600"}],"wp:term":[{"taxonomy":"category","embeddable":true,"href":"https:\/\/voage.com.br\/site\/wp-json\/wp\/v2\/categories?post=1600"},{"taxonomy":"post_tag","embeddable":true,"href":"https:\/\/voage.com.br\/site\/wp-json\/wp\/v2\/tags?post=1600"}],"curies":[{"name":"wp","href":"https:\/\/api.w.org\/{rel}","templated":true}]}}