{"id":1575,"date":"2024-06-25T16:16:00","date_gmt":"2024-06-25T19:16:00","guid":{"rendered":"https:\/\/voage.com.br\/site\/?p=1575"},"modified":"2025-01-16T09:19:01","modified_gmt":"2025-01-16T12:19:01","slug":"sao-joao-de-nois-tudim","status":"publish","type":"post","link":"https:\/\/voage.com.br\/site\/2024\/06\/25\/sao-joao-de-nois-tudim\/","title":{"rendered":"S\u00e3o Jo\u00e3o de N\u00f3is Tudim"},"content":{"rendered":"\n<div class=\"wp-block-columns are-vertically-aligned-top is-layout-flex wp-container-core-columns-is-layout-8f761849 wp-block-columns-is-layout-flex\">\n<div class=\"wp-block-column is-vertically-aligned-top is-layout-flow wp-block-column-is-layout-flow\" style=\"flex-basis:40%\">\n<div style=\"position: relative; width: 100%; height: 0; padding-top: 177.7778%;\n padding-bottom: 0; box-shadow: 0 2px 8px 0 rgba(63,69,81,0.16); margin-top: 1.6em; margin-bottom: 0.9em; overflow: hidden;\n border-radius: 8px; will-change: transform;\">\n  <iframe style=\"position: absolute; width: 100%; height: 100%; top: 0; left: 0; border: none; padding: 0;margin: 0;\"\n    data-src=\"https:&#x2F;&#x2F;www.canva.com&#x2F;design&#x2F;DAGJD7Dho3E&#x2F;VwUpE1-SV1v5l5y9-OyhHg&#x2F;watch?embed\" allowfullscreen=\"allowfullscreen\" allow=\"fullscreen\" src=\"data:image\/svg+xml;base64,PHN2ZyB3aWR0aD0iMSIgaGVpZ2h0PSIxIiB4bWxucz0iaHR0cDovL3d3dy53My5vcmcvMjAwMC9zdmciPjwvc3ZnPg==\" class=\"lazyload\" data-load-mode=\"0\">\n  <\/iframe>\n<\/div>\n<\/div>\n\n\n\n<div class=\"wp-block-column is-vertically-aligned-top is-layout-flow wp-block-column-is-layout-flow\" style=\"flex-basis:60%\">\n<p class=\"wp-block-paragraph\"><\/p>\n\n\n\n<p class=\"wp-block-paragraph\">No \u00faltimo s\u00e1bado, 22 de junho, um grupo de passageiros Voage foi ao <a href=\"https:\/\/www.ctn.org.br\/\" target=\"_blank\" rel=\"noreferrer noopener\">CTN &#8211; Centro de Tradi\u00e7\u00f5es Nordestinas<\/a> &#8211; em S\u00e3o Paulo, em passeio rodovi\u00e1rio operado pela nossa parceira <a href=\"https:\/\/www.instagram.com\/viagens_da_sol\/\" target=\"_blank\" rel=\"noreferrer noopener\">Viagens da Sol<\/a>.<\/p>\n\n\n\n<p class=\"wp-block-paragraph\">O evento S\u00e3o Jo\u00e3o de N\u00f3is Tudim oferece programa\u00e7\u00e3o diversificada com apresenta\u00e7\u00f5es de quadrilhas profissionais e aulas de dan\u00e7a de forr\u00f3, al\u00e9m de grande variedade de estilos musicais, personagens interativos e bandas t\u00edpicas, proporcionando a experi\u00eancia aut\u00eantica do S\u00e3o Jo\u00e3o nordestino. <\/p>\n\n\n\n<p class=\"wp-block-paragraph\">Foi pura divers\u00e3o e alegria. Regina C\u00e9lia Sartori, Marcos Antonio Tonolli, Cl\u00e1udio Sartori Sobrinho, Sandra Maria Sartori, Maria Zilda Lima de Oliveira, Edilene Fernandes Vilar, Mariana Rodrigues Gomes, Rosangela Bocari Moreira Martins e V\u00e2nia Aparecida Chioca aproveitaram tudo o que o CTN tem a oferecer.<\/p>\n\n\n\n<p class=\"wp-block-paragraph\">Fundado em maio de 1991, por inspira\u00e7\u00e3o do empres\u00e1rio e radiodifusor Jos\u00e9 de Abreu, para mudar o cen\u00e1rio de intenso preconceito e ignor\u00e2ncia contra os migrantes nordestinos que residiam na capital paulista, o CTN \u00e9 o maior ecosistema de cultura nordestina do Brasil, possuindo 27 mil m<sup>2<\/sup> e diversas op\u00e7\u00f5es de entretenimento.<\/p>\n<\/div>\n<\/div>\n\n\n\n<div class=\"wp-block-group\"><div class=\"wp-block-group__inner-container is-layout-constrained wp-block-group-is-layout-constrained\">\n<hr class=\"wp-block-separator has-text-color has-alpha-channel-opacity has-background\" style=\"background-color:#e3842b;color:#e3842b\"\/>\n\n\n\n<div style=\"height:50px\" aria-hidden=\"true\" class=\"wp-block-spacer\"><\/div>\n<\/div><\/div>\n","protected":false},"excerpt":{"rendered":"<p>No \u00faltimo s\u00e1bado, 22 de junho, um grupo de passageiros Voage foi ao CTN &#8211; Centro de Tradi\u00e7\u00f5es Nordestinas &#8211; em S\u00e3o Paulo, em passeio rodovi\u00e1rio operado pela nossa parceira Viagens da Sol. O evento S\u00e3o Jo\u00e3o de N\u00f3is Tudim oferece programa\u00e7\u00e3o diversificada com apresenta\u00e7\u00f5es de quadrilhas profissionais e aulas de dan\u00e7a de forr\u00f3, al\u00e9m [&hellip;]<\/p>\n","protected":false},"author":1,"featured_media":1645,"comment_status":"open","ping_status":"open","sticky":false,"template":"","format":"standard","meta":{"_eb_attr":"","eb_css":"","footnotes":""},"categories":[22],"tags":[231,227,226,34,230,232,228,54,233,229],"class_list":["post-1575","post","type-post","status-publish","format-standard","has-post-thumbnail","hentry","category-diario-de-bordo","tag-alegria","tag-centro-de-tradicoes-nordestinas","tag-ctn","tag-diario-de-bordo","tag-diversao","tag-festas-juninas","tag-passeios-rodoviarios-2","tag-pax-voage","tag-tradicao","tag-viagens-da-sol"],"_links":{"self":[{"href":"https:\/\/voage.com.br\/site\/wp-json\/wp\/v2\/posts\/1575","targetHints":{"allow":["GET"]}}],"collection":[{"href":"https:\/\/voage.com.br\/site\/wp-json\/wp\/v2\/posts"}],"about":[{"href":"https:\/\/voage.com.br\/site\/wp-json\/wp\/v2\/types\/post"}],"author":[{"embeddable":true,"href":"https:\/\/voage.com.br\/site\/wp-json\/wp\/v2\/users\/1"}],"replies":[{"embeddable":true,"href":"https:\/\/voage.com.br\/site\/wp-json\/wp\/v2\/comments?post=1575"}],"version-history":[{"count":10,"href":"https:\/\/voage.com.br\/site\/wp-json\/wp\/v2\/posts\/1575\/revisions"}],"predecessor-version":[{"id":1587,"href":"https:\/\/voage.com.br\/site\/wp-json\/wp\/v2\/posts\/1575\/revisions\/1587"}],"wp:featuredmedia":[{"embeddable":true,"href":"https:\/\/voage.com.br\/site\/wp-json\/wp\/v2\/media\/1645"}],"wp:attachment":[{"href":"https:\/\/voage.com.br\/site\/wp-json\/wp\/v2\/media?parent=1575"}],"wp:term":[{"taxonomy":"category","embeddable":true,"href":"https:\/\/voage.com.br\/site\/wp-json\/wp\/v2\/categories?post=1575"},{"taxonomy":"post_tag","embeddable":true,"href":"https:\/\/voage.com.br\/site\/wp-json\/wp\/v2\/tags?post=1575"}],"curies":[{"name":"wp","href":"https:\/\/api.w.org\/{rel}","templated":true}]}}