{"id":1537,"date":"2018-09-13T14:38:00","date_gmt":"2018-09-13T17:38:00","guid":{"rendered":"https:\/\/voage.com.br\/site\/?p=1537"},"modified":"2025-01-16T09:15:18","modified_gmt":"2025-01-16T12:15:18","slug":"friozinho-em-gramado-e-canela","status":"publish","type":"post","link":"https:\/\/voage.com.br\/site\/2018\/09\/13\/friozinho-em-gramado-e-canela\/","title":{"rendered":"Friozinho em Gramado e Canela"},"content":{"rendered":"\n<p class=\"wp-block-paragraph\">O casal Marcos e Juliana Scapim foi aproveitar o friozinho de Gramado e Canela, no Rio Grande do Sul e se encantaram por suas atra\u00e7\u00f5es e, principalmente, a recep\u00e7\u00e3o calorosa que tiveram.<\/p>\n\n\n\n<figure class=\"wp-block-gallery has-nested-images columns-default is-cropped wp-block-gallery-1 is-layout-flex wp-block-gallery-is-layout-flex\">\n<figure class=\"wp-block-image size-large\"><img decoding=\"async\" width=\"800\" height=\"800\" data-id=\"1539\" data-src=\"https:\/\/voage.com.br\/site\/wp-content\/uploads\/2024\/05\/scapin02.jpg\" alt=\"Marcos e Juliana Scapin\" class=\"wp-image-1539 lazyload\" data-srcset=\"https:\/\/voage.com.br\/site\/wp-content\/uploads\/2024\/05\/scapin02.jpg 800w, https:\/\/voage.com.br\/site\/wp-content\/uploads\/2024\/05\/scapin02-300x300.jpg 300w, https:\/\/voage.com.br\/site\/wp-content\/uploads\/2024\/05\/scapin02-150x150.jpg 150w, https:\/\/voage.com.br\/site\/wp-content\/uploads\/2024\/05\/scapin02-768x768.jpg 768w, https:\/\/voage.com.br\/site\/wp-content\/uploads\/2024\/05\/scapin02-120x120.jpg 120w\" data-sizes=\"(max-width: 800px) 100vw, 800px\" src=\"data:image\/svg+xml;base64,PHN2ZyB3aWR0aD0iMSIgaGVpZ2h0PSIxIiB4bWxucz0iaHR0cDovL3d3dy53My5vcmcvMjAwMC9zdmciPjwvc3ZnPg==\" style=\"--smush-placeholder-width: 800px; --smush-placeholder-aspect-ratio: 800\/800;\" \/><\/figure>\n\n\n\n<figure class=\"wp-block-image size-large\"><img decoding=\"async\" width=\"800\" height=\"800\" data-id=\"1538\" data-src=\"https:\/\/voage.com.br\/site\/wp-content\/uploads\/2024\/05\/scapin04.jpg\" alt=\"Marcos e Juliana Scapin\" class=\"wp-image-1538 lazyload\" data-srcset=\"https:\/\/voage.com.br\/site\/wp-content\/uploads\/2024\/05\/scapin04.jpg 800w, https:\/\/voage.com.br\/site\/wp-content\/uploads\/2024\/05\/scapin04-300x300.jpg 300w, https:\/\/voage.com.br\/site\/wp-content\/uploads\/2024\/05\/scapin04-150x150.jpg 150w, https:\/\/voage.com.br\/site\/wp-content\/uploads\/2024\/05\/scapin04-768x768.jpg 768w, https:\/\/voage.com.br\/site\/wp-content\/uploads\/2024\/05\/scapin04-120x120.jpg 120w\" data-sizes=\"(max-width: 800px) 100vw, 800px\" src=\"data:image\/svg+xml;base64,PHN2ZyB3aWR0aD0iMSIgaGVpZ2h0PSIxIiB4bWxucz0iaHR0cDovL3d3dy53My5vcmcvMjAwMC9zdmciPjwvc3ZnPg==\" style=\"--smush-placeholder-width: 800px; --smush-placeholder-aspect-ratio: 800\/800;\" \/><\/figure>\n<\/figure>\n\n\n\n<div style=\"height:20px\" aria-hidden=\"true\" class=\"wp-block-spacer\"><\/div>\n\n\n\n<p class=\"wp-block-paragraph\">Gramado e Canela, na Serra Ga\u00facha, s\u00e3o famosas pelo seu charme europeu, clima ameno e por muitas atra\u00e7\u00f5es tur\u00edsticas.&nbsp;S\u00e3o destinos que combinam belezas naturais, atra\u00e7\u00f5es culturais e um clima que encanta visitantes durante o ano inteiro.<\/p>\n\n\n\n<p class=\"wp-block-paragraph\">Gramado encanta os visitantes com o Lago Negro, um belo lago rodeado por \u00e1rvores importadas da Floresta Negra, na Alemanha, ideal para caminhadas, passeios de pedalinho e piqueniques. Outro destaque \u00e9 o Mini Mundo, um parque em miniatura com r\u00e9plicas de constru\u00e7\u00f5es famosas do mundo inteiro, que atrai crian\u00e7as e adultos. A Rua Coberta, uma charmosa rua com estrutura de vidro e ferro, \u00e9 repleta de caf\u00e9s, restaurantes e lojas de chocolate artesanal, oferecendo um ambiente aconchegante para os turistas. A Aldeia do Papai Noel \u00e9 um parque tem\u00e1tico natalino que encanta visitantes durante todo o ano com sua decora\u00e7\u00e3o, renas e a casa do Papai Noel. Al\u00e9m disso, o Museu de Cera Dreamland apresenta figuras de cera de celebridades e personagens famosos, proporcionando uma experi\u00eancia \u00fanica.<\/p>\n\n\n\n<figure class=\"wp-block-gallery has-nested-images columns-default is-cropped wp-block-gallery-2 is-layout-flex wp-block-gallery-is-layout-flex\">\n<figure class=\"wp-block-image size-large\"><img decoding=\"async\" width=\"800\" height=\"800\" data-id=\"1543\" data-src=\"https:\/\/voage.com.br\/site\/wp-content\/uploads\/2024\/05\/scapin03.jpg\" alt=\"\" class=\"wp-image-1543 lazyload\" data-srcset=\"https:\/\/voage.com.br\/site\/wp-content\/uploads\/2024\/05\/scapin03.jpg 800w, https:\/\/voage.com.br\/site\/wp-content\/uploads\/2024\/05\/scapin03-300x300.jpg 300w, https:\/\/voage.com.br\/site\/wp-content\/uploads\/2024\/05\/scapin03-150x150.jpg 150w, https:\/\/voage.com.br\/site\/wp-content\/uploads\/2024\/05\/scapin03-768x768.jpg 768w, https:\/\/voage.com.br\/site\/wp-content\/uploads\/2024\/05\/scapin03-120x120.jpg 120w\" data-sizes=\"(max-width: 800px) 100vw, 800px\" src=\"data:image\/svg+xml;base64,PHN2ZyB3aWR0aD0iMSIgaGVpZ2h0PSIxIiB4bWxucz0iaHR0cDovL3d3dy53My5vcmcvMjAwMC9zdmciPjwvc3ZnPg==\" style=\"--smush-placeholder-width: 800px; --smush-placeholder-aspect-ratio: 800\/800;\" \/><\/figure>\n\n\n\n<figure class=\"wp-block-image size-large\"><img decoding=\"async\" width=\"800\" height=\"800\" data-id=\"1542\" data-src=\"https:\/\/voage.com.br\/site\/wp-content\/uploads\/2024\/05\/scapin09.jpg\" alt=\"\" class=\"wp-image-1542 lazyload\" data-srcset=\"https:\/\/voage.com.br\/site\/wp-content\/uploads\/2024\/05\/scapin09.jpg 800w, https:\/\/voage.com.br\/site\/wp-content\/uploads\/2024\/05\/scapin09-300x300.jpg 300w, https:\/\/voage.com.br\/site\/wp-content\/uploads\/2024\/05\/scapin09-150x150.jpg 150w, https:\/\/voage.com.br\/site\/wp-content\/uploads\/2024\/05\/scapin09-768x768.jpg 768w, https:\/\/voage.com.br\/site\/wp-content\/uploads\/2024\/05\/scapin09-120x120.jpg 120w\" data-sizes=\"(max-width: 800px) 100vw, 800px\" src=\"data:image\/svg+xml;base64,PHN2ZyB3aWR0aD0iMSIgaGVpZ2h0PSIxIiB4bWxucz0iaHR0cDovL3d3dy53My5vcmcvMjAwMC9zdmciPjwvc3ZnPg==\" style=\"--smush-placeholder-width: 800px; --smush-placeholder-aspect-ratio: 800\/800;\" \/><\/figure>\n<\/figure>\n\n\n\n<div style=\"height:20px\" aria-hidden=\"true\" class=\"wp-block-spacer\"><\/div>\n\n\n\n<p class=\"wp-block-paragraph\">Canela, por sua vez, \u00e9 conhecida pela imponente Catedral de Pedra, tamb\u00e9m chamada de Catedral Nossa Senhora de Lourdes, que \u00e9 um dos principais cart\u00f5es-postais da cidade. O Parque do Caracol \u00e9 outro destaque, com a espetacular Cascata do Caracol, uma queda d&#8217;\u00e1gua de 131 metros de altura, acess\u00edvel por trilhas e um mirante. O Mundo a Vapor \u00e9 um parque tem\u00e1tico que apresenta miniaturas de m\u00e1quinas a vapor e uma recria\u00e7\u00e3o do famoso acidente ferrovi\u00e1rio de Montparnasse. Para os amantes da natureza, o Parque da Ferradura oferece trilhas e mirantes com vistas deslumbrantes do Vale da Ferradura. O Castelinho Caracol, uma antiga resid\u00eancia hist\u00f3rica transformada em museu, oferece uma deliciosa degusta\u00e7\u00e3o do famoso apfelstrudel.<\/p>\n\n\n\n<p class=\"wp-block-paragraph\">O clima em Gramado e Canela \u00e9 temperado, com quatro esta\u00e7\u00f5es bem definidas. Durante o ver\u00e3o, de dezembro a fevereiro, as temperaturas s\u00e3o agrad\u00e1veis, variando entre 20\u00b0C e 30\u00b0C, tornando essa uma \u00e9poca popular entre os turistas. No outono, de mar\u00e7o a maio, as temperaturas s\u00e3o mais amenas, variando de 10\u00b0C a 20\u00b0C, com paisagens deslumbrantes de folhas douradas e vermelhas. O inverno, de junho a agosto, \u00e9 a alta temporada, quando as temperaturas podem cair abaixo de 0\u00b0C, especialmente \u00e0 noite. \u00c9 comum ocorrerem geadas e, ocasionalmente, neve, o que atrai muitos visitantes em busca do clima frio. Na primavera, de setembro a novembro, as temperaturas variam entre 10\u00b0C e 25\u00b0C, com flores desabrochando e paisagens encantadoras.<\/p>\n\n\n\n<figure class=\"wp-block-gallery has-nested-images columns-default is-cropped wp-block-gallery-3 is-layout-flex wp-block-gallery-is-layout-flex\">\n<figure class=\"wp-block-image size-large\"><img decoding=\"async\" width=\"800\" height=\"800\" data-id=\"1546\" data-src=\"https:\/\/voage.com.br\/site\/wp-content\/uploads\/2024\/05\/scapin01.jpg\" alt=\"\" class=\"wp-image-1546 lazyload\" data-srcset=\"https:\/\/voage.com.br\/site\/wp-content\/uploads\/2024\/05\/scapin01.jpg 800w, https:\/\/voage.com.br\/site\/wp-content\/uploads\/2024\/05\/scapin01-300x300.jpg 300w, https:\/\/voage.com.br\/site\/wp-content\/uploads\/2024\/05\/scapin01-150x150.jpg 150w, https:\/\/voage.com.br\/site\/wp-content\/uploads\/2024\/05\/scapin01-768x768.jpg 768w, https:\/\/voage.com.br\/site\/wp-content\/uploads\/2024\/05\/scapin01-120x120.jpg 120w\" data-sizes=\"(max-width: 800px) 100vw, 800px\" src=\"data:image\/svg+xml;base64,PHN2ZyB3aWR0aD0iMSIgaGVpZ2h0PSIxIiB4bWxucz0iaHR0cDovL3d3dy53My5vcmcvMjAwMC9zdmciPjwvc3ZnPg==\" style=\"--smush-placeholder-width: 800px; --smush-placeholder-aspect-ratio: 800\/800;\" \/><\/figure>\n\n\n\n<figure class=\"wp-block-image size-large\"><img decoding=\"async\" width=\"800\" height=\"800\" data-id=\"1547\" data-src=\"https:\/\/voage.com.br\/site\/wp-content\/uploads\/2024\/05\/scapin10.jpg\" alt=\"\" class=\"wp-image-1547 lazyload\" data-srcset=\"https:\/\/voage.com.br\/site\/wp-content\/uploads\/2024\/05\/scapin10.jpg 800w, https:\/\/voage.com.br\/site\/wp-content\/uploads\/2024\/05\/scapin10-300x300.jpg 300w, https:\/\/voage.com.br\/site\/wp-content\/uploads\/2024\/05\/scapin10-150x150.jpg 150w, https:\/\/voage.com.br\/site\/wp-content\/uploads\/2024\/05\/scapin10-768x768.jpg 768w, https:\/\/voage.com.br\/site\/wp-content\/uploads\/2024\/05\/scapin10-120x120.jpg 120w\" data-sizes=\"(max-width: 800px) 100vw, 800px\" src=\"data:image\/svg+xml;base64,PHN2ZyB3aWR0aD0iMSIgaGVpZ2h0PSIxIiB4bWxucz0iaHR0cDovL3d3dy53My5vcmcvMjAwMC9zdmciPjwvc3ZnPg==\" style=\"--smush-placeholder-width: 800px; --smush-placeholder-aspect-ratio: 800\/800;\" \/><\/figure>\n\n\n\n<figure class=\"wp-block-image size-large\"><img decoding=\"async\" width=\"800\" height=\"800\" data-id=\"1545\" data-src=\"https:\/\/voage.com.br\/site\/wp-content\/uploads\/2024\/05\/scapin08.jpg\" alt=\"\" class=\"wp-image-1545 lazyload\" data-srcset=\"https:\/\/voage.com.br\/site\/wp-content\/uploads\/2024\/05\/scapin08.jpg 800w, https:\/\/voage.com.br\/site\/wp-content\/uploads\/2024\/05\/scapin08-300x300.jpg 300w, https:\/\/voage.com.br\/site\/wp-content\/uploads\/2024\/05\/scapin08-150x150.jpg 150w, https:\/\/voage.com.br\/site\/wp-content\/uploads\/2024\/05\/scapin08-768x768.jpg 768w, https:\/\/voage.com.br\/site\/wp-content\/uploads\/2024\/05\/scapin08-120x120.jpg 120w\" data-sizes=\"(max-width: 800px) 100vw, 800px\" src=\"data:image\/svg+xml;base64,PHN2ZyB3aWR0aD0iMSIgaGVpZ2h0PSIxIiB4bWxucz0iaHR0cDovL3d3dy53My5vcmcvMjAwMC9zdmciPjwvc3ZnPg==\" style=\"--smush-placeholder-width: 800px; --smush-placeholder-aspect-ratio: 800\/800;\" \/><\/figure>\n\n\n\n<figure class=\"wp-block-image size-large\"><img decoding=\"async\" width=\"800\" height=\"800\" data-id=\"1548\" data-src=\"https:\/\/voage.com.br\/site\/wp-content\/uploads\/2024\/05\/scapin05.jpg\" alt=\"\" class=\"wp-image-1548 lazyload\" data-srcset=\"https:\/\/voage.com.br\/site\/wp-content\/uploads\/2024\/05\/scapin05.jpg 800w, https:\/\/voage.com.br\/site\/wp-content\/uploads\/2024\/05\/scapin05-300x300.jpg 300w, https:\/\/voage.com.br\/site\/wp-content\/uploads\/2024\/05\/scapin05-150x150.jpg 150w, https:\/\/voage.com.br\/site\/wp-content\/uploads\/2024\/05\/scapin05-768x768.jpg 768w, https:\/\/voage.com.br\/site\/wp-content\/uploads\/2024\/05\/scapin05-120x120.jpg 120w\" data-sizes=\"(max-width: 800px) 100vw, 800px\" src=\"data:image\/svg+xml;base64,PHN2ZyB3aWR0aD0iMSIgaGVpZ2h0PSIxIiB4bWxucz0iaHR0cDovL3d3dy53My5vcmcvMjAwMC9zdmciPjwvc3ZnPg==\" style=\"--smush-placeholder-width: 800px; --smush-placeholder-aspect-ratio: 800\/800;\" \/><\/figure>\n\n\n\n<figure class=\"wp-block-image size-large\"><img decoding=\"async\" width=\"800\" height=\"800\" data-id=\"1550\" data-src=\"https:\/\/voage.com.br\/site\/wp-content\/uploads\/2024\/05\/scapin07.jpg\" alt=\"\" class=\"wp-image-1550 lazyload\" data-srcset=\"https:\/\/voage.com.br\/site\/wp-content\/uploads\/2024\/05\/scapin07.jpg 800w, https:\/\/voage.com.br\/site\/wp-content\/uploads\/2024\/05\/scapin07-300x300.jpg 300w, https:\/\/voage.com.br\/site\/wp-content\/uploads\/2024\/05\/scapin07-150x150.jpg 150w, https:\/\/voage.com.br\/site\/wp-content\/uploads\/2024\/05\/scapin07-768x768.jpg 768w, https:\/\/voage.com.br\/site\/wp-content\/uploads\/2024\/05\/scapin07-120x120.jpg 120w\" data-sizes=\"(max-width: 800px) 100vw, 800px\" src=\"data:image\/svg+xml;base64,PHN2ZyB3aWR0aD0iMSIgaGVpZ2h0PSIxIiB4bWxucz0iaHR0cDovL3d3dy53My5vcmcvMjAwMC9zdmciPjwvc3ZnPg==\" style=\"--smush-placeholder-width: 800px; --smush-placeholder-aspect-ratio: 800\/800;\" \/><\/figure>\n\n\n\n<figure class=\"wp-block-image size-large\"><img decoding=\"async\" width=\"800\" height=\"800\" data-id=\"1549\" data-src=\"https:\/\/voage.com.br\/site\/wp-content\/uploads\/2024\/05\/scapin06.jpg\" alt=\"\" class=\"wp-image-1549 lazyload\" data-srcset=\"https:\/\/voage.com.br\/site\/wp-content\/uploads\/2024\/05\/scapin06.jpg 800w, https:\/\/voage.com.br\/site\/wp-content\/uploads\/2024\/05\/scapin06-300x300.jpg 300w, https:\/\/voage.com.br\/site\/wp-content\/uploads\/2024\/05\/scapin06-150x150.jpg 150w, https:\/\/voage.com.br\/site\/wp-content\/uploads\/2024\/05\/scapin06-768x768.jpg 768w, https:\/\/voage.com.br\/site\/wp-content\/uploads\/2024\/05\/scapin06-120x120.jpg 120w\" data-sizes=\"(max-width: 800px) 100vw, 800px\" src=\"data:image\/svg+xml;base64,PHN2ZyB3aWR0aD0iMSIgaGVpZ2h0PSIxIiB4bWxucz0iaHR0cDovL3d3dy53My5vcmcvMjAwMC9zdmciPjwvc3ZnPg==\" style=\"--smush-placeholder-width: 800px; --smush-placeholder-aspect-ratio: 800\/800;\" \/><\/figure>\n<\/figure>\n","protected":false},"excerpt":{"rendered":"<p>O casal Marcos e Juliana Scapim foi aproveitar o friozinho de Gramado e Canela, no Rio Grande do Sul e se encantaram por suas atra\u00e7\u00f5es e, principalmente, a recep\u00e7\u00e3o calorosa que tiveram. Gramado e Canela, na Serra Ga\u00facha, s\u00e3o famosas pelo seu charme europeu, clima ameno e por muitas atra\u00e7\u00f5es tur\u00edsticas.&nbsp;S\u00e3o destinos que combinam belezas [&hellip;]<\/p>\n","protected":false},"author":1,"featured_media":1645,"comment_status":"open","ping_status":"open","sticky":false,"template":"","format":"standard","meta":{"_eb_attr":"","eb_css":"","footnotes":""},"categories":[22,4],"tags":[68,215,214,54,69],"class_list":["post-1537","post","type-post","status-publish","format-standard","has-post-thumbnail","hentry","category-diario-de-bordo","category-lazer","tag-canela","tag-frio","tag-gramado","tag-pax-voage","tag-rio-grande-do-sul"],"_links":{"self":[{"href":"https:\/\/voage.com.br\/site\/wp-json\/wp\/v2\/posts\/1537","targetHints":{"allow":["GET"]}}],"collection":[{"href":"https:\/\/voage.com.br\/site\/wp-json\/wp\/v2\/posts"}],"about":[{"href":"https:\/\/voage.com.br\/site\/wp-json\/wp\/v2\/types\/post"}],"author":[{"embeddable":true,"href":"https:\/\/voage.com.br\/site\/wp-json\/wp\/v2\/users\/1"}],"replies":[{"embeddable":true,"href":"https:\/\/voage.com.br\/site\/wp-json\/wp\/v2\/comments?post=1537"}],"version-history":[{"count":4,"href":"https:\/\/voage.com.br\/site\/wp-json\/wp\/v2\/posts\/1537\/revisions"}],"predecessor-version":[{"id":1551,"href":"https:\/\/voage.com.br\/site\/wp-json\/wp\/v2\/posts\/1537\/revisions\/1551"}],"wp:featuredmedia":[{"embeddable":true,"href":"https:\/\/voage.com.br\/site\/wp-json\/wp\/v2\/media\/1645"}],"wp:attachment":[{"href":"https:\/\/voage.com.br\/site\/wp-json\/wp\/v2\/media?parent=1537"}],"wp:term":[{"taxonomy":"category","embeddable":true,"href":"https:\/\/voage.com.br\/site\/wp-json\/wp\/v2\/categories?post=1537"},{"taxonomy":"post_tag","embeddable":true,"href":"https:\/\/voage.com.br\/site\/wp-json\/wp\/v2\/tags?post=1537"}],"curies":[{"name":"wp","href":"https:\/\/api.w.org\/{rel}","templated":true}]}}