{"id":1183,"date":"2017-03-01T16:12:00","date_gmt":"2017-03-01T19:12:00","guid":{"rendered":"https:\/\/voage.com.br\/site\/?p=1183"},"modified":"2025-01-16T08:47:16","modified_gmt":"2025-01-16T11:47:16","slug":"um-final-de-ano-especial","status":"publish","type":"post","link":"https:\/\/voage.com.br\/site\/2017\/03\/01\/um-final-de-ano-especial\/","title":{"rendered":"Um final de ano especial"},"content":{"rendered":"\n<p class=\"wp-block-paragraph\">Dan\u00fabia, Marluce e Nicole foram visitar uns parentes em Dublin e aproveitaram para fazer um pequeno tour pela Europa. Dan\u00fabia nos conta como foi.<\/p>\n\n\n\n<p class=\"wp-block-paragraph\">\u201cUma viagem, um sonho realizado de maneira sensacional. S\u00e3o lugares lindos. Voc\u00ea deve parar, analisar e degustar cada detalhe, cada situa\u00e7\u00e3o, obras magn\u00edficas. Gostamos de tudo o que vimos e fizemos, mas as constru\u00e7\u00f5es de Floren\u00e7a, na It\u00e1lia, chamaram muito a aten\u00e7\u00e3o. S\u00e3o verdadeiras obras de arte a c\u00e9u aberto.\u201d<\/p>\n\n\n\n<p class=\"wp-block-paragraph\">Ela continua: &#8220;gastamos moderadamente, sem deixar de fazer nada, comer ou comprar o que tinhamos vontade. O que me deixou bem <em>cabreira<\/em> foi o valor da reserva do trem de Paris para Lucerna e principalmente o de retorno da Lucerna para Paris\u2026 Muiiittttooooo caro.<\/p>\n\n\n\n<blockquote class=\"wp-block-quote has-small-font-size is-layout-flow wp-block-quote-is-layout-flow\" style=\"border-style:none;border-width:0px\">\n<p class=\"has-text-align-center has-text-color has-link-color has-medium-font-size wp-elements-1 wp-block-paragraph\" style=\"color:#b33746\"><em><strong>Mas foi em Lucerna que tivemos a melhor experi\u00eancia gastron\u00f4mica:<\/strong><\/em><br><em><strong>um macarr\u00e3o delicioso.<\/strong><\/em><\/p>\n<\/blockquote>\n\n\n\n<p class=\"wp-block-paragraph\">O momento mais marcante, mais feliz, foi a realiza\u00e7\u00e3o de um sonho de menina realizado, a Disneyland Paris! Mas descobrimos que em todo o nosso mundo h\u00e1 lugares maravilhosos que deveriam ser desbravados por todos, pois viajar \u00e9 uma experi\u00eancia \u00fanica. Mas a It\u00e1lia que me aguarde, voltarei com toda a certeza.&#8221;<\/p>\n\n\n\n<figure class=\"wp-block-image size-full\"><img decoding=\"async\" width=\"800\" height=\"665\" data-src=\"https:\/\/voage.com.br\/site\/wp-content\/uploads\/2024\/02\/diario-de-bordo-danubia.png\" alt=\"Imagens da viagem da Dan\u00fabia, Marluce e Nicole\" class=\"wp-image-1196 lazyload\" data-srcset=\"https:\/\/voage.com.br\/site\/wp-content\/uploads\/2024\/02\/diario-de-bordo-danubia.png 800w, https:\/\/voage.com.br\/site\/wp-content\/uploads\/2024\/02\/diario-de-bordo-danubia-300x249.png 300w, https:\/\/voage.com.br\/site\/wp-content\/uploads\/2024\/02\/diario-de-bordo-danubia-768x638.png 768w\" data-sizes=\"(max-width: 800px) 100vw, 800px\" src=\"data:image\/svg+xml;base64,PHN2ZyB3aWR0aD0iMSIgaGVpZ2h0PSIxIiB4bWxucz0iaHR0cDovL3d3dy53My5vcmcvMjAwMC9zdmciPjwvc3ZnPg==\" style=\"--smush-placeholder-width: 800px; --smush-placeholder-aspect-ratio: 800\/665;\" \/><\/figure>\n\n\n\n<p class=\"wp-block-paragraph\">Dan\u00fabia ainda falou sobre nossos servi\u00e7os: &#8220;a <strong>Voage<\/strong> nos deu toda a tranquilidade e confiabilidade para viajar. Voos, hot\u00e9is, total aten\u00e7\u00e3o e presteza das meninas sempre online para sanar todas as nossas d\u00favidas. Chamo isso de responsabilidade\u201d.<\/p>\n\n\n\n<p class=\"wp-block-paragraph\">Obrigada, Dan\u00fabia!<\/p>\n\n\n\n<div class=\"wp-block-group\"><div class=\"wp-block-group__inner-container is-layout-constrained wp-block-group-is-layout-constrained\">\n<hr class=\"wp-block-separator has-text-color has-alpha-channel-opacity has-background\" style=\"background-color:#e3842b;color:#e3842b\"\/>\n\n\n\n<div style=\"height:50px\" aria-hidden=\"true\" class=\"wp-block-spacer\"><\/div>\n<\/div><\/div>\n","protected":false},"excerpt":{"rendered":"<p>Dan\u00fabia, Marluce e Nicole foram visitar uns parentes em Dublin e aproveitaram para fazer um pequeno tour pela Europa. Dan\u00fabia nos conta como foi. \u201cUma viagem, um sonho realizado de maneira sensacional. S\u00e3o lugares lindos. Voc\u00ea deve parar, analisar e degustar cada detalhe, cada situa\u00e7\u00e3o, obras magn\u00edficas. Gostamos de tudo o que vimos e fizemos, [&hellip;]<\/p>\n","protected":false},"author":1,"featured_media":1645,"comment_status":"open","ping_status":"open","sticky":false,"template":"","format":"standard","meta":{"_eb_attr":"","eb_css":"","footnotes":""},"categories":[22,6,4],"tags":[34,35,39,38,30,36,54,37],"class_list":["post-1183","post","type-post","status-publish","format-standard","has-post-thumbnail","hentry","category-diario-de-bordo","category-impressoes","category-lazer","tag-diario-de-bordo","tag-europa","tag-ferias","tag-final-de-ano","tag-franca","tag-irlanda","tag-pax-voage","tag-suica"],"_links":{"self":[{"href":"https:\/\/voage.com.br\/site\/wp-json\/wp\/v2\/posts\/1183","targetHints":{"allow":["GET"]}}],"collection":[{"href":"https:\/\/voage.com.br\/site\/wp-json\/wp\/v2\/posts"}],"about":[{"href":"https:\/\/voage.com.br\/site\/wp-json\/wp\/v2\/types\/post"}],"author":[{"embeddable":true,"href":"https:\/\/voage.com.br\/site\/wp-json\/wp\/v2\/users\/1"}],"replies":[{"embeddable":true,"href":"https:\/\/voage.com.br\/site\/wp-json\/wp\/v2\/comments?post=1183"}],"version-history":[{"count":17,"href":"https:\/\/voage.com.br\/site\/wp-json\/wp\/v2\/posts\/1183\/revisions"}],"predecessor-version":[{"id":1327,"href":"https:\/\/voage.com.br\/site\/wp-json\/wp\/v2\/posts\/1183\/revisions\/1327"}],"wp:featuredmedia":[{"embeddable":true,"href":"https:\/\/voage.com.br\/site\/wp-json\/wp\/v2\/media\/1645"}],"wp:attachment":[{"href":"https:\/\/voage.com.br\/site\/wp-json\/wp\/v2\/media?parent=1183"}],"wp:term":[{"taxonomy":"category","embeddable":true,"href":"https:\/\/voage.com.br\/site\/wp-json\/wp\/v2\/categories?post=1183"},{"taxonomy":"post_tag","embeddable":true,"href":"https:\/\/voage.com.br\/site\/wp-json\/wp\/v2\/tags?post=1183"}],"curies":[{"name":"wp","href":"https:\/\/api.w.org\/{rel}","templated":true}]}}