{"id":1173,"date":"2019-07-11T16:41:00","date_gmt":"2019-07-11T19:41:00","guid":{"rendered":"https:\/\/voage.com.br\/site\/?p=1173"},"modified":"2025-02-26T15:57:54","modified_gmt":"2025-02-26T18:57:54","slug":"mais-que-uma-memoria","status":"publish","type":"post","link":"https:\/\/voage.com.br\/site\/2019\/07\/11\/mais-que-uma-memoria\/","title":{"rendered":"Mais que uma mem\u00f3ria"},"content":{"rendered":"\n<p class=\"wp-block-paragraph\">Inc\u00eandios s\u00e3o devastadores. Para os bens materiais e para a alma. O fogo \u00e9 selvagem e devora. \u00c9 imprevis\u00edvel. Assustador.<\/p>\n\n\n\n<p class=\"wp-block-paragraph\">Tenho que confessar que o inc\u00eandio em Notre-Dame de Paris me abalou muito mais do que o inc\u00eandio do Museu Nacional, no Rio de Janeiro. Explico. Sabia muito pouco do Museu e nunca estive l\u00e1. J\u00e1 com a Catedral tenho uma liga\u00e7\u00e3o maior. A primeira visita foi em 1977 e depois disso, muitas outras vieram, j\u00e1 que por quase 20 anos acompanhei grupos \u00e0 Europa e estive nela muitas vezes.<\/p>\n\n\n\n<p class=\"wp-block-paragraph\">Sou apaixonada pelas g\u00e1rgulas, pela constru\u00e7\u00e3o g\u00f3tica, pela impon\u00eancia das torres, a for\u00e7a e delicadeza das \u201caranhas\u201d que seguravam a constru\u00e7\u00e3o.<\/p>\n\n\n\n<figure class=\"wp-block-image size-full\"><img decoding=\"async\" width=\"1280\" height=\"853\" data-src=\"https:\/\/voage.com.br\/site\/wp-content\/uploads\/2024\/02\/gargoyle-7502368_1280.jpg\" alt=\"\" class=\"wp-image-1177 lazyload\" data-srcset=\"https:\/\/voage.com.br\/site\/wp-content\/uploads\/2024\/02\/gargoyle-7502368_1280.jpg 1280w, https:\/\/voage.com.br\/site\/wp-content\/uploads\/2024\/02\/gargoyle-7502368_1280-300x200.jpg 300w, https:\/\/voage.com.br\/site\/wp-content\/uploads\/2024\/02\/gargoyle-7502368_1280-1024x682.jpg 1024w, https:\/\/voage.com.br\/site\/wp-content\/uploads\/2024\/02\/gargoyle-7502368_1280-768x512.jpg 768w\" data-sizes=\"(max-width: 1280px) 100vw, 1280px\" src=\"data:image\/svg+xml;base64,PHN2ZyB3aWR0aD0iMSIgaGVpZ2h0PSIxIiB4bWxucz0iaHR0cDovL3d3dy53My5vcmcvMjAwMC9zdmciPjwvc3ZnPg==\" style=\"--smush-placeholder-width: 1280px; --smush-placeholder-aspect-ratio: 1280\/853;\" \/><figcaption class=\"wp-element-caption\"><em>G\u00e1rgula &#8211; Imagem de <a href=\"https:\/\/pixabay.com\/users\/maxiortega-26557248\/?utm_source=link-attribution&amp;utm_medium=referral&amp;utm_campaign=image&amp;utm_content=7502368\" target=\"_blank\" rel=\"noopener\">M\u00e1xima Ortega Solano<\/a> &#8211; <a href=\"https:\/\/pixabay.com\/\/?utm_source=link-attribution&amp;utm_medium=referral&amp;utm_campaign=image&amp;utm_content=7502368\" target=\"_blank\" rel=\"noopener\">Pixabay<\/a><\/em><\/figcaption><\/figure>\n\n\n\n<p class=\"wp-block-paragraph\">Mas n\u00f3s, turistas, somos implac\u00e1veis, insaci\u00e1veis. Queremos ver mais, aprender mais, curtir mais, aproveitar mais.<\/p>\n\n\n\n<p class=\"wp-block-paragraph\">Se voc\u00ea n\u00e3o teve a oportunidade de visitar Notre-Dame de Paris, infelizmente vai ter que esperar um bom tempo. Talvez seja hora de aproveitar e conhecer outras igrejas g\u00f3ticas da cidade ou do pa\u00eds. Ou mesmo a mais incr\u00edvel de todas, a Catedral de Col\u00f4nia, na Alemanha.<\/p>\n\n\n\n<p class=\"wp-block-paragraph\">Mas voltando a Paris\u2026 Visite a Igreja de Saint-Eustache, pr\u00f3xima a Les Halles. D\u00ea maior aten\u00e7\u00e3o \u00e0 Sainte-Chapelle, bem perto de Notre-Dame. Ou ainda aquela que na minha opini\u00e3o \u00e9 a mais bonita igreja de Paris, Saint-\u00c9tienne-du-Mont, atr\u00e1s do Pante\u00f3n; uma das poucas igrejas \u201cbrancas\u201d e a \u00fanica em Paris que conservou o transepto.<\/p>\n\n\n\n<p class=\"wp-block-paragraph\">Se tiver mais tempo, aproveite a visita \u00e0 Fran\u00e7a e tire um dia para, al\u00e9m de conhecer mais uma cidade, visitar uma bel\u00edssima catedral g\u00f3tica. As op\u00e7\u00f5es s\u00e3o muitas: Chartres (a pouco mais de uma hora de trem, saindo da Gare Montparnasse); Reims (cerca de uma hora, saindo da Gare de l\u2019Est); ou um pouco mais distante, mas magn\u00edfica, Notre-Dame de Strasbourg (quase 3 horas de TGV, saindo da Gare de l\u2019Est). Mas h\u00e1 ainda muitas delas espalhadas pelo pa\u00eds: Troyes (que tem s\u00f3 uma das torres), N\u00eemes, Amiens, Tours, Toulouse, Le Mans, Bordeaux.<\/p>\n\n\n\n<p class=\"wp-block-paragraph\">Nenhuma delas substitui o esplendor de Notre-Dame de Paris. Nenhuma delas tem ou ter\u00e1 a relev\u00e2ncia de Notre-Dame de Paris. Mas todas elas v\u00e3o te dar uma ideia da grandiosidade das constru\u00e7\u00f5es g\u00f3ticas, suas atmosferas m\u00edsticas, a penumbra.<\/p>\n\n\n\n<p class=\"wp-block-paragraph\">E nenhuma, nenhuma em qualquer lugar desse <em>mundo tuo<\/em> ter\u00e1 g\u00e1rgulas t\u00e3o lindamente amedrontadoras e apaixonantes como as de Notre-Dame.<\/p>\n\n\n\n<p class=\"wp-block-paragraph\"><strong><em>Dri Polacco<\/em><\/strong><\/p>\n\n\n\n<p class=\"wp-block-paragraph\">&#8212;<\/p>\n\n\n\n<figure class=\"wp-block-video aligncenter\"><video controls src=\"https:\/\/video.euronews.com\/mp4\/med\/EN\/NW\/SU\/24\/03\/19\/en\/240319_NWSU_55084784_55084809_59480_132931_en.mp4\"><\/video><\/figure>\n\n\n\n<p class=\"has-text-align-center has-small-font-size wp-block-paragraph\">Video publicado na mat\u00e9ria <em><a href=\"https:\/\/www.euronews.com\/travel\/2024\/03\/19\/notre-dame-cathedral-could-reopen-at-the-end-of-2024-as-new-spire-emerges\" target=\"_blank\" rel=\"noreferrer noopener\">Notre Dame Cathedral could reopen at the end of 2024 as new spire emerges<\/a><\/em> do <a href=\"https:\/\/www.euronews.com\/travel\/\" target=\"_blank\" rel=\"noreferrer noopener\">euronews.travel<\/a><\/p>\n\n\n\n<div class=\"wp-block-group\"><div class=\"wp-block-group__inner-container is-layout-constrained wp-block-group-is-layout-constrained\">\n<hr class=\"wp-block-separator has-text-color has-alpha-channel-opacity has-background\" style=\"background-color:#e3842b;color:#e3842b\"\/>\n\n\n\n<div style=\"height:50px\" aria-hidden=\"true\" class=\"wp-block-spacer\"><\/div>\n<\/div><\/div>\n","protected":false},"excerpt":{"rendered":"<p>Inc\u00eandios s\u00e3o devastadores. Para os bens materiais e para a alma. O fogo \u00e9 selvagem e devora. \u00c9 imprevis\u00edvel. Assustador. Tenho que confessar que o inc\u00eandio em Notre-Dame de Paris me abalou muito mais do que o inc\u00eandio do Museu Nacional, no Rio de Janeiro. Explico. Sabia muito pouco do Museu e nunca estive l\u00e1. [&hellip;]<\/p>\n","protected":false},"author":2,"featured_media":1177,"comment_status":"open","ping_status":"open","sticky":false,"template":"","format":"standard","meta":{"_eb_attr":"","eb_css":"","footnotes":""},"categories":[6,21],"tags":[30,27,29,28,26],"class_list":["post-1173","post","type-post","status-publish","format-standard","has-post-thumbnail","hentry","category-impressoes","category-destinos","tag-franca","tag-gargula","tag-incendio","tag-notre-dame","tag-paris"],"_links":{"self":[{"href":"https:\/\/voage.com.br\/site\/wp-json\/wp\/v2\/posts\/1173","targetHints":{"allow":["GET"]}}],"collection":[{"href":"https:\/\/voage.com.br\/site\/wp-json\/wp\/v2\/posts"}],"about":[{"href":"https:\/\/voage.com.br\/site\/wp-json\/wp\/v2\/types\/post"}],"author":[{"embeddable":true,"href":"https:\/\/voage.com.br\/site\/wp-json\/wp\/v2\/users\/2"}],"replies":[{"embeddable":true,"href":"https:\/\/voage.com.br\/site\/wp-json\/wp\/v2\/comments?post=1173"}],"version-history":[{"count":6,"href":"https:\/\/voage.com.br\/site\/wp-json\/wp\/v2\/posts\/1173\/revisions"}],"predecessor-version":[{"id":1710,"href":"https:\/\/voage.com.br\/site\/wp-json\/wp\/v2\/posts\/1173\/revisions\/1710"}],"wp:featuredmedia":[{"embeddable":true,"href":"https:\/\/voage.com.br\/site\/wp-json\/wp\/v2\/media\/1177"}],"wp:attachment":[{"href":"https:\/\/voage.com.br\/site\/wp-json\/wp\/v2\/media?parent=1173"}],"wp:term":[{"taxonomy":"category","embeddable":true,"href":"https:\/\/voage.com.br\/site\/wp-json\/wp\/v2\/categories?post=1173"},{"taxonomy":"post_tag","embeddable":true,"href":"https:\/\/voage.com.br\/site\/wp-json\/wp\/v2\/tags?post=1173"}],"curies":[{"name":"wp","href":"https:\/\/api.w.org\/{rel}","templated":true}]}}